{"id":13119,"date":"2017-01-19T20:02:10","date_gmt":"2017-01-19T23:02:10","guid":{"rendered":"https:\/\/eldiariodesanpedro.com.ar\/sitio\/?p=13119"},"modified":"2026-01-24T00:31:13","modified_gmt":"2026-01-24T03:31:13","slug":"atletismo-walter-valera-imparable","status":"publish","type":"post","link":"https:\/\/eldiariodesanpedro.com.ar\/sitio\/atletismo-walter-valera-imparable\/","title":{"rendered":"ATLETISMO: Walter Valera imparable"},"content":{"rendered":"<p><!-- VideographyWP Plugin Message: Automatic video embedding prevented by plugin options. --><br \/>\nWalter Valera, Esteban Peralta, Juan Manuel Machado y Cristian Rold\u00e1n completaron los 10 kil\u00f3metros de la Marat\u00f3n Internacional de Reyes que se desarroll\u00f3 el s\u00e1bado en la ciudad entrerriana. El evento reparti\u00f3 140 mil pesos en premios. Cuatro atletas de San Pedro fueron parte de los 10 kil\u00f3metros de la 38\u00b0 edici\u00f3n de la Marat\u00f3n Internacional de Reyes que se llev\u00f3 a cabo en Concordia, Entre R\u00edos.<\/p>\n<p>Walter Valera fue el m\u00e1s destacado con el 23\u00b0 lugar en la general y el tercero en la categor\u00eda 35-39 a\u00f1os. Valera complet\u00f3 el trayecto en 36 minutos 8 segundos. Adem\u00e1s, Esteban Peralta finaliz\u00f3 359\u00b0 con 46 minutos 3 segundos y fue 23\u00b0 en la misma divisi\u00f3n.<\/p>\n<p>Juan Manuel Machado, por su parte, lleg\u00f3 360\u00b0 en la general y 47\u00b0 entre los de 40-44 a\u00f1os en tanto que Cristian Rold\u00e1n concluy\u00f3 492\u00b0 y 45\u00b0 en 45-49 a\u00f1os.<\/p>\n<p><strong>Tambi\u00e9n gan\u00f3 en Santa Fe <\/strong><\/p>\n<p>El pasado s\u00e1bado se corri\u00f3 la 1\u00b0 edici\u00f3n de la Marat\u00f3n Nocturna de 10k en Empalme Villa Constituci\u00f3n. La carrera, organizada por Ecorace a beneficio del Jard\u00edn de Infantes Camino de las Moras, cont\u00f3 con 250 participantes y fue ganada por el sampedrino Walter Valera marcando un tiempo de 35m 06s. En damas la primera en cruzar la meta fue Susana Bustos con un tiempo de 44m 34s. <\/p>\n<p>Dos atletas del club Mitre formaron parte de esta competencia. Javier S\u00e1nchez (42m 9s) fue 13\u00b0 en la general y 4\u00b0 en su categor\u00eda (40-44 a\u00f1os) y Jorge D\u00b4Andrea (47m 56s) se ubic\u00f3 40\u00b0 en la general y 4\u00b0 en la categor\u00eda 45-49 a\u00f1os. Tambi\u00e9n form\u00f3 parte de esta carrera Esteban Peralta (39m 44s) llegando en el puesto 7\u00b0 en la general y 4\u00b0 en su categor\u00eda (35-39 a\u00f1os).<\/p>\n<p><a href=\"https:\/\/eldiariodesanpedro.com.ar\/sitio\/wp-content\/uploads\/2017\/01\/Valera-D\u00b4Andrea-S\u00e1nchez-y-Peralta.jpg\"><img decoding=\"async\" data-attachment-id=\"13122\" data-permalink=\"https:\/\/eldiariodesanpedro.com.ar\/sitio\/atletismo-walter-valera-imparable\/valera-dandrea-sanchez-y-peralta\/\" data-orig-file=\"https:\/\/eldiariodesanpedro.com.ar\/sitio\/wp-content\/uploads\/2017\/01\/Valera-D\u00b4Andrea-S\u00e1nchez-y-Peralta.jpg\" data-orig-size=\"886,746\" data-comments-opened=\"1\" data-image-meta=\"{&quot;aperture&quot;:&quot;0&quot;,&quot;credit&quot;:&quot;Fernando Bettendorff&quot;,&quot;camera&quot;:&quot;&quot;,&quot;caption&quot;:&quot;&quot;,&quot;created_timestamp&quot;:&quot;1484856023&quot;,&quot;copyright&quot;:&quot;&quot;,&quot;focal_length&quot;:&quot;0&quot;,&quot;iso&quot;:&quot;0&quot;,&quot;shutter_speed&quot;:&quot;0&quot;,&quot;title&quot;:&quot;&quot;,&quot;orientation&quot;:&quot;0&quot;}\" data-image-title=\"Valera, D\u00b4Andrea, S\u00e1nchez y Peralta\" data-image-description=\"\" data-image-caption=\"\" data-large-file=\"https:\/\/eldiariodesanpedro.com.ar\/sitio\/wp-content\/uploads\/2017\/01\/Valera-D\u00b4Andrea-S\u00e1nchez-y-Peralta.jpg\" data-src=\"https:\/\/eldiariodesanpedro.com.ar\/sitio\/wp-content\/uploads\/2017\/01\/Valera-D\u00b4Andrea-S\u00e1nchez-y-Peralta-300x253.jpg\" alt=\"\" width=\"300\" height=\"253\" class=\"alignnone size-medium wp-image-13122 lazyload\" data-srcset=\"https:\/\/eldiariodesanpedro.com.ar\/sitio\/wp-content\/uploads\/2017\/01\/Valera-D\u00b4Andrea-S\u00e1nchez-y-Peralta-300x253.jpg 300w, https:\/\/eldiariodesanpedro.com.ar\/sitio\/wp-content\/uploads\/2017\/01\/Valera-D\u00b4Andrea-S\u00e1nchez-y-Peralta-768x647.jpg 768w, https:\/\/eldiariodesanpedro.com.ar\/sitio\/wp-content\/uploads\/2017\/01\/Valera-D\u00b4Andrea-S\u00e1nchez-y-Peralta.jpg 886w\" data-sizes=\"(max-width: 300px) 100vw, 300px\" src=\"data:image\/svg+xml;base64,PHN2ZyB3aWR0aD0iMSIgaGVpZ2h0PSIxIiB4bWxucz0iaHR0cDovL3d3dy53My5vcmcvMjAwMC9zdmciPjwvc3ZnPg==\" style=\"--smush-placeholder-width: 300px; --smush-placeholder-aspect-ratio: 300\/253;\" \/><\/a><\/p>\n","protected":false},"excerpt":{"rendered":"<p>Walter Valera, Esteban Peralta, Juan Manuel Machado y Cristian Rold\u00e1n completaron los 10 kil\u00f3metros de la Marat\u00f3n Internacional de Reyes que se desarroll\u00f3 el s\u00e1bado en la ciudad entrerriana. El evento reparti\u00f3 140 mil pesos en premios. Cuatro atletas de San Pedro fueron parte de los 10 kil\u00f3metros de la 38\u00b0 edici\u00f3n de la Marat\u00f3n [&hellip;]<\/p>\n","protected":false},"author":4,"featured_media":13121,"comment_status":"open","ping_status":"closed","sticky":false,"template":"","format":"standard","meta":{"om_disable_all_campaigns":false,"_jetpack_memberships_contains_paid_content":false,"footnotes":""},"categories":[5],"tags":[],"class_list":["post-13119","post","type-post","status-publish","format-standard","has-post-thumbnail","hentry","category-deportes"],"aioseo_notices":[],"gutentor_comment":0,"jetpack_featured_media_url":"https:\/\/eldiariodesanpedro.com.ar\/sitio\/wp-content\/uploads\/2017\/01\/Valera-Peralta-Machado-y-Rold\u00e1n.jpg","jetpack_shortlink":"https:\/\/wp.me\/p6RhLt-3pB","jetpack_sharing_enabled":true,"_links":{"self":[{"href":"https:\/\/eldiariodesanpedro.com.ar\/sitio\/wp-json\/wp\/v2\/posts\/13119","targetHints":{"allow":["GET"]}}],"collection":[{"href":"https:\/\/eldiariodesanpedro.com.ar\/sitio\/wp-json\/wp\/v2\/posts"}],"about":[{"href":"https:\/\/eldiariodesanpedro.com.ar\/sitio\/wp-json\/wp\/v2\/types\/post"}],"author":[{"embeddable":true,"href":"https:\/\/eldiariodesanpedro.com.ar\/sitio\/wp-json\/wp\/v2\/users\/4"}],"replies":[{"embeddable":true,"href":"https:\/\/eldiariodesanpedro.com.ar\/sitio\/wp-json\/wp\/v2\/comments?post=13119"}],"version-history":[{"count":1,"href":"https:\/\/eldiariodesanpedro.com.ar\/sitio\/wp-json\/wp\/v2\/posts\/13119\/revisions"}],"predecessor-version":[{"id":13123,"href":"https:\/\/eldiariodesanpedro.com.ar\/sitio\/wp-json\/wp\/v2\/posts\/13119\/revisions\/13123"}],"wp:featuredmedia":[{"embeddable":true,"href":"https:\/\/eldiariodesanpedro.com.ar\/sitio\/wp-json\/wp\/v2\/media\/13121"}],"wp:attachment":[{"href":"https:\/\/eldiariodesanpedro.com.ar\/sitio\/wp-json\/wp\/v2\/media?parent=13119"}],"wp:term":[{"taxonomy":"category","embeddable":true,"href":"https:\/\/eldiariodesanpedro.com.ar\/sitio\/wp-json\/wp\/v2\/categories?post=13119"},{"taxonomy":"post_tag","embeddable":true,"href":"https:\/\/eldiariodesanpedro.com.ar\/sitio\/wp-json\/wp\/v2\/tags?post=13119"}],"curies":[{"name":"wp","href":"https:\/\/api.w.org\/{rel}","templated":true}]}}