{"id":13116,"date":"2017-01-19T19:57:00","date_gmt":"2017-01-19T22:57:00","guid":{"rendered":"https:\/\/eldiariodesanpedro.com.ar\/sitio\/?p=13116"},"modified":"2026-01-24T00:31:13","modified_gmt":"2026-01-24T03:31:13","slug":"nacional-sub-15-san-pedro-reinicio-los-entrenamientos","status":"publish","type":"post","link":"https:\/\/eldiariodesanpedro.com.ar\/sitio\/nacional-sub-15-san-pedro-reinicio-los-entrenamientos\/","title":{"rendered":"NACIONAL SUB 15: San Pedro reinici\u00f3 los entrenamientos"},"content":{"rendered":"<p><!-- VideographyWP Plugin Message: Automatic video embedding prevented by plugin options. --><br \/>\nEn el predio \u00abPablo Noat\u00bb, en la noche del mi\u00e9rcoles retom\u00f3 sus entrenamientos el plantel campe\u00f3n Sub 15 de la Liga Deportiva Sampedrina, bajo las \u00f3rdenes de su t\u00e9cnico Gerardo Biain y el profesor Valent\u00edn Bravo.<\/p>\n<p>San Pedro se coron\u00f3 campe\u00f3n de la etapa que coordin\u00f3 Federaci\u00f3n Norte de F\u00fatbol y logr\u00f3 el derecho de participar en la final nacional que tiene previsto jugar en la segunda quincena de febrero en Trelew y Puerto Madryn con los mejores 8 seleccionados de todo el pa\u00eds.<\/p>\n<p>Se vive momentos de incertidumbre con respecto a la realizaci\u00f3n del mismo, si bien en diciembre se dio a conocer la informaci\u00f3n oficial del Consejo Federal confirmando el certamen, hoy ante los problemas que vive AFA se creo cierta incertidumbre. Por estas horas desde la Liga est\u00e1n tratando de confirmar para seguir adelante con el viaje.<\/p>\n<p>El cuerpo t\u00e9cnico del seleccionado est\u00e1 integrado por: Gerardo Biain (DT), Alejandro Biain (AC), Valent\u00edn Bravo (PF), Juan Nouet (AC y U) y Eduardo P\u00e9rez (Entrenador de arqueros).<\/p>\n","protected":false},"excerpt":{"rendered":"<p>En el predio \u00abPablo Noat\u00bb, en la noche del mi\u00e9rcoles retom\u00f3 sus entrenamientos el plantel campe\u00f3n Sub 15 de la Liga Deportiva Sampedrina, bajo las \u00f3rdenes de su t\u00e9cnico Gerardo Biain y el profesor Valent\u00edn Bravo. San Pedro se coron\u00f3 campe\u00f3n de la etapa que coordin\u00f3 Federaci\u00f3n Norte de F\u00fatbol y logr\u00f3 el derecho de [&hellip;]<\/p>\n","protected":false},"author":4,"featured_media":13117,"comment_status":"open","ping_status":"closed","sticky":false,"template":"","format":"standard","meta":{"om_disable_all_campaigns":false,"_jetpack_memberships_contains_paid_content":false,"footnotes":""},"categories":[5],"tags":[],"class_list":["post-13116","post","type-post","status-publish","format-standard","has-post-thumbnail","hentry","category-deportes"],"aioseo_notices":[],"gutentor_comment":0,"jetpack_featured_media_url":"https:\/\/eldiariodesanpedro.com.ar\/sitio\/wp-content\/uploads\/2017\/01\/El-profesor-Valent\u00edn-Bravo-comanda-los-entrenamientos.jpg","jetpack_shortlink":"https:\/\/wp.me\/p6RhLt-3py","jetpack_sharing_enabled":true,"_links":{"self":[{"href":"https:\/\/eldiariodesanpedro.com.ar\/sitio\/wp-json\/wp\/v2\/posts\/13116","targetHints":{"allow":["GET"]}}],"collection":[{"href":"https:\/\/eldiariodesanpedro.com.ar\/sitio\/wp-json\/wp\/v2\/posts"}],"about":[{"href":"https:\/\/eldiariodesanpedro.com.ar\/sitio\/wp-json\/wp\/v2\/types\/post"}],"author":[{"embeddable":true,"href":"https:\/\/eldiariodesanpedro.com.ar\/sitio\/wp-json\/wp\/v2\/users\/4"}],"replies":[{"embeddable":true,"href":"https:\/\/eldiariodesanpedro.com.ar\/sitio\/wp-json\/wp\/v2\/comments?post=13116"}],"version-history":[{"count":1,"href":"https:\/\/eldiariodesanpedro.com.ar\/sitio\/wp-json\/wp\/v2\/posts\/13116\/revisions"}],"predecessor-version":[{"id":13118,"href":"https:\/\/eldiariodesanpedro.com.ar\/sitio\/wp-json\/wp\/v2\/posts\/13116\/revisions\/13118"}],"wp:featuredmedia":[{"embeddable":true,"href":"https:\/\/eldiariodesanpedro.com.ar\/sitio\/wp-json\/wp\/v2\/media\/13117"}],"wp:attachment":[{"href":"https:\/\/eldiariodesanpedro.com.ar\/sitio\/wp-json\/wp\/v2\/media?parent=13116"}],"wp:term":[{"taxonomy":"category","embeddable":true,"href":"https:\/\/eldiariodesanpedro.com.ar\/sitio\/wp-json\/wp\/v2\/categories?post=13116"},{"taxonomy":"post_tag","embeddable":true,"href":"https:\/\/eldiariodesanpedro.com.ar\/sitio\/wp-json\/wp\/v2\/tags?post=13116"}],"curies":[{"name":"wp","href":"https:\/\/api.w.org\/{rel}","templated":true}]}}