{"id":13114,"date":"2017-01-19T19:53:27","date_gmt":"2017-01-19T22:53:27","guid":{"rendered":"https:\/\/eldiariodesanpedro.com.ar\/sitio\/?p=13114"},"modified":"2026-01-24T00:31:13","modified_gmt":"2026-01-24T03:31:13","slug":"silvio-velo-el-jugador-realiza-clinicas-en-la-costa-argentina-y-exhibicion","status":"publish","type":"post","link":"https:\/\/eldiariodesanpedro.com.ar\/sitio\/silvio-velo-el-jugador-realiza-clinicas-en-la-costa-argentina-y-exhibicion\/","title":{"rendered":"SILVIO VELO: El jugador realiza cl\u00ednicas en la costa argentina y exhibici\u00f3n"},"content":{"rendered":"<p><!-- VideographyWP Plugin Message: Automatic video embedding prevented by plugin options. --><br \/>\nEl B12 de Punta Mogotes, en Mar del Plata, es el lugar por excelencia del mundo del f\u00fatbol. Jugadores y veteranos, t\u00e9cnicos y dirigentes pasan gran parte de enero en esa playa. Y McDonald\u00b4s, junto al McTruck, organiz\u00f3 all\u00ed una serie de actividades deportivas tal como sucedi\u00f3 en Villa Carlos Paz la semana pasada. En el B12, adem\u00e1s de una cl\u00ednica de f\u00fatbol a cargo del exjugador de Boca Sebasti\u00e1n Battaglia, tambi\u00e9n se realiz\u00f3 una exhibici\u00f3n de f\u00fatbol 5 para ciegos con la presencia de Silvio Velo, Lucas Rodr\u00edguez y Diego Cerega. Todos bicampeones mundiales con la Selecci\u00f3n Argentina (2002 y 2006) y medallistas paral\u00edmpicos. Un lujo total. <\/p>\n<p>Velo, Rodr\u00edguez y Cerega, tres hist\u00f3ricos del deporte paral\u00edmpico, realizaron distintos trabajos con pelota y luego el p\u00fablico se sum\u00f3 para jugar contra ellos (con y sin antifaces) y patear penales. Adem\u00e1s de la actividad deportiva, los jugadores explicaron la diferencia entre el bast\u00f3n verde y el blanco, y tambi\u00e9n c\u00f3mo puede la gente ayudar a una persona ciega a cruzar la calle.<\/p>\n<p>La exhibici\u00f3n finaliz\u00f3 con unas palabras de Silvio Velo, uno de los mejores jugadores del mundo, y una foto final en el medio de la cancha. Hubo camisetas y pelotas de regalo para todos los chicos. \u201cEs un placer y un gran orgullo para McDonald\u00b4s que estos grandes deportistas est\u00e9n aqu\u00ed para ense\u00f1arnos a jugar al f\u00fatbol y demostrarnos esa fortaleza interior que tiene cada uno de los atletas paral\u00edmpicos. Adem\u00e1s, ellos son un verdadero ejemplo para la sociedad y nosotros compartimos los mismos valores\u201d, le dijo Fernando Arango, gerente de comunicaciones de la empresa, a Paradeportes.<\/p>\n<p>El periodista de Diego D\u00edaz condujo el evento con la participaci\u00f3n de Santiago Jugo, ayudante de campo de Municipalidad de C\u00f3rdoba, y de Maximiliano N\u00f3bili, director de Paradeportes.<\/p>\n<p>La pr\u00f3xima exhibici\u00f3n de f\u00fatbol 5 para ciegos organizada por McDonald`s, y con la participaci\u00f3n de Paradeportes, ser\u00e1 el pr\u00f3ximo viernes 20 de enero a las 16:00 en Terrazas del Alba de Pinamar.  <\/p>\n","protected":false},"excerpt":{"rendered":"<p>El B12 de Punta Mogotes, en Mar del Plata, es el lugar por excelencia del mundo del f\u00fatbol. Jugadores y veteranos, t\u00e9cnicos y dirigentes pasan gran parte de enero en esa playa. Y McDonald\u00b4s, junto al McTruck, organiz\u00f3 all\u00ed una serie de actividades deportivas tal como sucedi\u00f3 en Villa Carlos Paz la semana pasada. En [&hellip;]<\/p>\n","protected":false},"author":4,"featured_media":3543,"comment_status":"open","ping_status":"closed","sticky":false,"template":"","format":"standard","meta":{"om_disable_all_campaigns":false,"_jetpack_memberships_contains_paid_content":false,"footnotes":""},"categories":[5],"tags":[],"class_list":["post-13114","post","type-post","status-publish","format-standard","has-post-thumbnail","hentry","category-deportes"],"aioseo_notices":[],"gutentor_comment":0,"jetpack_featured_media_url":"https:\/\/eldiariodesanpedro.com.ar\/sitio\/wp-content\/uploads\/2016\/04\/FOTO-2-22-04-16Silvio-Velo-1-503x326-1.jpg","jetpack_shortlink":"https:\/\/wp.me\/p6RhLt-3pw","jetpack_sharing_enabled":true,"_links":{"self":[{"href":"https:\/\/eldiariodesanpedro.com.ar\/sitio\/wp-json\/wp\/v2\/posts\/13114","targetHints":{"allow":["GET"]}}],"collection":[{"href":"https:\/\/eldiariodesanpedro.com.ar\/sitio\/wp-json\/wp\/v2\/posts"}],"about":[{"href":"https:\/\/eldiariodesanpedro.com.ar\/sitio\/wp-json\/wp\/v2\/types\/post"}],"author":[{"embeddable":true,"href":"https:\/\/eldiariodesanpedro.com.ar\/sitio\/wp-json\/wp\/v2\/users\/4"}],"replies":[{"embeddable":true,"href":"https:\/\/eldiariodesanpedro.com.ar\/sitio\/wp-json\/wp\/v2\/comments?post=13114"}],"version-history":[{"count":1,"href":"https:\/\/eldiariodesanpedro.com.ar\/sitio\/wp-json\/wp\/v2\/posts\/13114\/revisions"}],"predecessor-version":[{"id":13115,"href":"https:\/\/eldiariodesanpedro.com.ar\/sitio\/wp-json\/wp\/v2\/posts\/13114\/revisions\/13115"}],"wp:featuredmedia":[{"embeddable":true,"href":"https:\/\/eldiariodesanpedro.com.ar\/sitio\/wp-json\/wp\/v2\/media\/3543"}],"wp:attachment":[{"href":"https:\/\/eldiariodesanpedro.com.ar\/sitio\/wp-json\/wp\/v2\/media?parent=13114"}],"wp:term":[{"taxonomy":"category","embeddable":true,"href":"https:\/\/eldiariodesanpedro.com.ar\/sitio\/wp-json\/wp\/v2\/categories?post=13114"},{"taxonomy":"post_tag","embeddable":true,"href":"https:\/\/eldiariodesanpedro.com.ar\/sitio\/wp-json\/wp\/v2\/tags?post=13114"}],"curies":[{"name":"wp","href":"https:\/\/api.w.org\/{rel}","templated":true}]}}