{"id":13105,"date":"2017-01-19T19:28:03","date_gmt":"2017-01-19T22:28:03","guid":{"rendered":"https:\/\/eldiariodesanpedro.com.ar\/sitio\/?p=13105"},"modified":"2017-01-19T19:28:03","modified_gmt":"2017-01-19T22:28:03","slug":"la-provincia-prorroga-vencimientos-y-suspende-inicio-de-ejecuciones-judiciales","status":"publish","type":"post","link":"https:\/\/eldiariodesanpedro.com.ar\/sitio\/la-provincia-prorroga-vencimientos-y-suspende-inicio-de-ejecuciones-judiciales\/","title":{"rendered":"La provincia prorroga vencimientos y suspende inicio de ejecuciones judiciales"},"content":{"rendered":"<p><!-- VideographyWP Plugin Message: Automatic video embedding prevented by plugin options. --><br \/>\n La provincia de Buenos Aires resolvi\u00f3 prorrogar por 120 d\u00edas el vencimiento del Impuesto Inmobiliario, tanto el b\u00e1sico como el complementario, en la planta urbana y rural, en aquellas zonas del territorio bonaerense que fueron afectadas por incendios e inundaciones. Tambi\u00e9n suspendi\u00f3 por el mismo plazo el vencimiento de cuotas de planes de pagos y el inicio de ejecuciones judiciales.<\/p>\n<p>   El ministro de Econom\u00eda de la Provincia, Hern\u00e1n Lacunza, sostuvo que \u201cla medida busca aliviar la situaci\u00f3n de los vecinos que fueron afectados por inundaciones o incendios. Es un paliativo en un momento dif\u00edcil, y una forma de brindar respuestas r\u00e1pidas, que es lo que nos pide siempre la gobernadora Mar\u00eda Eugenia Vidal\u201d.<\/p>\n<p>   A trav\u00e9s de este beneficio fiscal se prorrogan hasta junio los vencimientos de las dos primeras cuotas del Impuesto Inmobiliario Urbano, y la primera cuota de los impuestos Inmobiliario Rural y Complementario, que operar\u00edan en los meses de febrero y marzo pr\u00f3ximo.<\/p>\n<p>   Adem\u00e1s, seg\u00fan puntualiz\u00f3 el director de ARBA, Gast\u00f3n Fossati, \u201cla suspensi\u00f3n por 120 d\u00edas tambi\u00e9n abarca el inicio de juicios de apremios por deudas de origen tributario, la gesti\u00f3n de intimaciones de pago y el vencimiento de las cuotas de los planes de pagos de todos los impuestos a los que se hayan acogido los contribuyentes damnificados\u201d.<\/p>\n<p>   Fossati afirm\u00f3 que \u201cel objetivo de la gobernadora Mar\u00eda Eugenia Vidal es actuar con celeridad y contener a quienes padecieron incendios e inundaciones, por lo que el beneficio se aplicar\u00e1 de oficio y regir\u00e1 de manera autom\u00e1tica sin necesidad de realizar ning\u00fan tr\u00e1mite\u201d. A la vez, explic\u00f3 que \u201cen funci\u00f3n de c\u00f3mo evolucione la situaci\u00f3n, se analizar\u00e1 la posibilidad de sumar otros beneficios tributarios\u201d.<\/p>\n<p>   En ese sentido, el ministro de Agroindustria bonaerense, Leonardo Sarqu\u00eds, precis\u00f3 que \u201ca las pr\u00f3rrogas impositivas pueden agregarse otras ayudas adicionales que determine  la Comisi\u00f3n de Emergencia y Desastre Agropecuario (CEDABA)\u201d, y destac\u00f3 que \u201cel trabajo en equipo de todo el gabinete provincial, en este caso con el Ministerio de Econom\u00eda y ARBA, muestra que nos ocupa la asistencia inmediata a todos los productores\u201d.<\/p>\n<p>   Los damnificados recibir\u00e1n los beneficios de manera directa, sin necesidad de solicitudes ni tr\u00e1mites, porque la Agencia de Recaudaci\u00f3n cuenta con  tecnolog\u00eda satelital que le permite determinar cu\u00e1les son las partidas afectadas por el agua y el fuego en cada distrito.<\/p>\n<p>   Por su parte, el Banco Provincia ampli\u00f3 el monto m\u00e1ximo de sus cr\u00e9ditos para las empresas y comercios damnificados por las inundaciones que est\u00e1n afectando la regi\u00f3n norte del territorio bonaerense, que podr\u00e1n solicitar hasta 1 mill\u00f3n de pesos, hasta en 48 meses, con 12 meses de gracia para el pago de capital (durante el primer a\u00f1o s\u00f3lo se abonar\u00e1n los intereses), con una tasa fija de 12% anual.<\/p>\n","protected":false},"excerpt":{"rendered":"<p>La provincia de Buenos Aires resolvi\u00f3 prorrogar por 120 d\u00edas el vencimiento del Impuesto Inmobiliario, tanto el b\u00e1sico como el complementario, en la planta urbana y rural, en aquellas zonas del territorio bonaerense que fueron afectadas por incendios e inundaciones. Tambi\u00e9n suspendi\u00f3 por el mismo plazo el vencimiento de cuotas de planes de pagos y [&hellip;]<\/p>\n","protected":false},"author":4,"featured_media":13106,"comment_status":"open","ping_status":"closed","sticky":false,"template":"","format":"standard","meta":{"om_disable_all_campaigns":false,"_jetpack_memberships_contains_paid_content":false,"footnotes":""},"categories":[3],"tags":[],"class_list":["post-13105","post","type-post","status-publish","format-standard","has-post-thumbnail","hentry","category-nacionales"],"aioseo_notices":[],"gutentor_comment":0,"jetpack_featured_media_url":"https:\/\/eldiariodesanpedro.com.ar\/sitio\/wp-content\/uploads\/2017\/01\/Provincia.jpg","jetpack_shortlink":"https:\/\/wp.me\/p6RhLt-3pn","jetpack_sharing_enabled":true,"_links":{"self":[{"href":"https:\/\/eldiariodesanpedro.com.ar\/sitio\/wp-json\/wp\/v2\/posts\/13105","targetHints":{"allow":["GET"]}}],"collection":[{"href":"https:\/\/eldiariodesanpedro.com.ar\/sitio\/wp-json\/wp\/v2\/posts"}],"about":[{"href":"https:\/\/eldiariodesanpedro.com.ar\/sitio\/wp-json\/wp\/v2\/types\/post"}],"author":[{"embeddable":true,"href":"https:\/\/eldiariodesanpedro.com.ar\/sitio\/wp-json\/wp\/v2\/users\/4"}],"replies":[{"embeddable":true,"href":"https:\/\/eldiariodesanpedro.com.ar\/sitio\/wp-json\/wp\/v2\/comments?post=13105"}],"version-history":[{"count":1,"href":"https:\/\/eldiariodesanpedro.com.ar\/sitio\/wp-json\/wp\/v2\/posts\/13105\/revisions"}],"predecessor-version":[{"id":13107,"href":"https:\/\/eldiariodesanpedro.com.ar\/sitio\/wp-json\/wp\/v2\/posts\/13105\/revisions\/13107"}],"wp:featuredmedia":[{"embeddable":true,"href":"https:\/\/eldiariodesanpedro.com.ar\/sitio\/wp-json\/wp\/v2\/media\/13106"}],"wp:attachment":[{"href":"https:\/\/eldiariodesanpedro.com.ar\/sitio\/wp-json\/wp\/v2\/media?parent=13105"}],"wp:term":[{"taxonomy":"category","embeddable":true,"href":"https:\/\/eldiariodesanpedro.com.ar\/sitio\/wp-json\/wp\/v2\/categories?post=13105"},{"taxonomy":"post_tag","embeddable":true,"href":"https:\/\/eldiariodesanpedro.com.ar\/sitio\/wp-json\/wp\/v2\/tags?post=13105"}],"curies":[{"name":"wp","href":"https:\/\/api.w.org\/{rel}","templated":true}]}}