{"id":13093,"date":"2017-01-19T18:29:50","date_gmt":"2017-01-19T21:29:50","guid":{"rendered":"https:\/\/eldiariodesanpedro.com.ar\/sitio\/?p=13093"},"modified":"2026-01-23T23:20:58","modified_gmt":"2026-01-24T02:20:58","slug":"tras-el-alud-sigue-la-busqueda-de-dos-desaparecidos-y-las-tareas-para-recuperar-el-pueblo","status":"publish","type":"post","link":"https:\/\/eldiariodesanpedro.com.ar\/sitio\/tras-el-alud-sigue-la-busqueda-de-dos-desaparecidos-y-las-tareas-para-recuperar-el-pueblo\/","title":{"rendered":"Tras el alud, sigue la b\u00fasqueda de dos desaparecidos y las tareas para recuperar el pueblo"},"content":{"rendered":"<p><!-- VideographyWP Plugin Message: Automatic video embedding prevented by plugin options. --><br \/>\n(T\u00e9lam) &#8211; El gobernador Gerardo Morales anunci\u00f3 que la semana pr\u00f3xima se iniciar\u00e1n los trabajos de reparaci\u00f3n de las viviendas afectadas por el fen\u00f3meno natural, que perjudic\u00f3 a cerca del 80% del pueblo de Volc\u00e1n, de unos 2000 habitantes.<\/p>\n<p>   Distintos grupos de voluntarios redoblan esfuerzos en la localidad juje\u00f1a de Volc\u00e1n, para ayudar en la recuperaci\u00f3n del pueblo que el 10 de enero \u00faltimo sufri\u00f3 las consecuencias de un alud, mientras que rescatistas del Ej\u00e9rcito Argentino y bomberos continuaban la b\u00fasqueda de dos personas que fueron reportadas como desaparecidas.<\/p>\n<p>   Por su parte, el gobernador Gerardo Morales anunci\u00f3 que la semana pr\u00f3xima se iniciar\u00e1n los trabajos de reparaci\u00f3n de las viviendas afectadas por el fen\u00f3meno natural, que perjudic\u00f3 a cerca del 80% del pueblo de Volc\u00e1n, de unos 2000 habitantes. <\/p>\n<p>   Las cuadrillas de voluntarios \u2013entre ellos muchos de localidades vecinas de la quebrada- no escatiman esfuerzos y provistos de palas y baldes ayudan a vecinos a retirar el barro de las casas.<\/p>\n<p>   Otro sector se divide en tareas de asistencia en los centros de atenci\u00f3n de evacuados, todas acciones que fueron elogiadas por las autoridades del gobierno provincial. <\/p>\n<p>   A Volc\u00e1n tambi\u00e9n llegaron voluntarios de diferentes puntos del pa\u00eds, en una iniciativa coordinada por instituciones como la Red PAE y la Cruz Roja Argentina, que visita a las familias para verificar su situaci\u00f3n sanitaria.<\/p>\n<p>   \u201cSe presentaron casos particulares derivados de la situaci\u00f3n y que l\u00f3gicamente afecta emocionalmente por lo que se brinda contenci\u00f3n en todo sentido\u201d, apunt\u00f3 Jorge Luna, de la Red de Primeros Auxilios Emocionales (PAE). <\/p>\n<p>   Luna trabaja en el centro de evacuados habilitado desde horas despu\u00e9s del alud, en el campamento Vialidad Nacional de Volc\u00e1n, en un grupo que da apoyo psicol\u00f3gico a los damnificados.<\/p>\n<p>   Entre las acciones que se desarrollan en los centros de evacuados est\u00e1n las vinculadas a la salud de las personas que padecieron la cat\u00e1strofe natural, que implic\u00f3 que perdieran sus pertenencias e incluso viviendas.<\/p>\n<p>   El gobierno de Jujuy inform\u00f3 que en los \u00faltimos d\u00edas se intensificaron los trabajos de limpieza, desinfecci\u00f3n y relevamiento de las viviendas de Volc\u00e1n, labor que se realiza casa por casa con un equipo formado por m\u00e9dicos de centros de Atenci\u00f3n Primaria de la Salud (APS), personal del Ej\u00e9rcito y operarios.<\/p>\n<p>   \u201cUnos 50 efectivos del GAM 5 y del Regimiento 20, del Ej\u00e9rcito Argentino, ingresaron a los barrios y contribuyen con la limpieza para que los habitantes de Volc\u00e1n puedan retornar a sus domicilios\u201d, inform\u00f3 el Comit\u00e9 de Operaciones de Emergencias (COE).<\/p>\n<p>   Por otro lado, despu\u00e9s de un relevamiento en la zona del desastre, las autoridades determinaron una \u201czona roja\u201d, de acceso restringido y vallado por la situaci\u00f3n estructural de las viviendas y otra \u201cverde\u201d, con acceso solo para voluntarios y organizaciones que auxilian en todos los aspectos a las familias afectadas con alimentos, distribuci\u00f3n de agua potable envasada y dem\u00e1s elementos.<\/p>\n<p>   Esto fue confirmado hoy por el propio Morales durante un nuevo recorrido por la zona del desastre, en donde asegur\u00f3 que \u201cla semana que viene se inicia la primera etapa de reparaci\u00f3n de viviendas en lo que marcamos como zona amarilla\u201d.<\/p>\n<p>   En la zona \u201croja\u201d, directamente se har\u00e1n trabajos de demolici\u00f3n y reconstrucci\u00f3n de las viviendas.<\/p>\n<p>   \u201cEn ese sector queremos terminar hasta el s\u00e1bado con el barro en las calles y empezar a limpiar las casas para de all\u00ed seguir con las otras tareas\u201d, detall\u00f3.<\/p>\n<p>   En ese sentido, tambi\u00e9n confirm\u00f3 que los habitantes de la zona m\u00e1s afectada ser\u00e1n alojados en viviendas transitorias hasta que se termine la construcci\u00f3n de sus casas, en un trabajo que va a llevar \u201cvarios meses\u201d.<\/p>\n<p>   Destac\u00f3 la importancia que se haya podido liberar la ruta nacional 9, que solo se abre al paso de veh\u00edculos de 7 a 19, ya que se deben continuar con las tareas de mantenimiento que son a\u00fan necesarias. <\/p>\n<p>   Con la normalizaci\u00f3n del servicio de agua en todo el pueblo y la seguridad de que se garantizar\u00e1 la energ\u00eda el\u00e9ctrica con grupos electr\u00f3genos, Volc\u00e1n tiende paulatinamente a cambiar su imagen tras el alud que lo dej\u00f3 inmerso en un desastre como hace casi cuatro d\u00e9cadas no se produc\u00eda.<\/p>\n<p>   Por otra parte, continu\u00f3 ayer la b\u00fasqueda de una mujer de 77 a\u00f1os y su hijo de 59, reportados como desaparecidos a causa del alud que se produjo el 10 de enero en localidad juje\u00f1a Volc\u00e1n.<\/p>\n<p>   Las tareas que se desarrollaron en calles y domicilios linderos a la casa de estas dos personas, est\u00e1 a cargo de unos 20 rescatistas del Ej\u00e9rcito Argentino y de bomberos de la Polic\u00eda de Jujuy que reanudaron la b\u00fasqueda de Elena Zambrano, de 77 a\u00f1os y Juan Carlos Zambrano, de 59.<\/p>\n<p>   \u201cDesde las 8.30 se formaron patrullas combinadas entre los efectivos policiales y de la Compa\u00f1\u00eda de Cazadores de Monta\u00f1a 5, que son especialistas en b\u00fasqueda y rescate\u201d, se\u00f1al\u00f3 el secretario de Seguridad de Jujuy, Guillermo Siri, instalado en el centro de operaciones.<\/p>\n<p>   Luego la b\u00fasqueda se trasladar\u00e1 a otros sectores por la hip\u00f3tesis de gente que dice que los habr\u00edan visto caminando.<\/p>\n<p>   Familiares de los Zambrano creen que pueden estar con vida y se apoyan en testimonios de vecinos que dicen que lo vieron \u201cla vuelta de su casa\u00bb.<\/p>\n<p>   La casa de los Zambrano se encuentra en una de las zonas del pueblo m\u00e1s afectadas, con m\u00e1s de un metro y medio de barro en el interior, y que llega a los 4 metros en la parte del patio.<\/p>\n","protected":false},"excerpt":{"rendered":"<p>(T\u00e9lam) &#8211; El gobernador Gerardo Morales anunci\u00f3 que la semana pr\u00f3xima se iniciar\u00e1n los trabajos de reparaci\u00f3n de las viviendas afectadas por el fen\u00f3meno natural, que perjudic\u00f3 a cerca del 80% del pueblo de Volc\u00e1n, de unos 2000 habitantes. Distintos grupos de voluntarios redoblan esfuerzos en la localidad juje\u00f1a de Volc\u00e1n, para ayudar en la [&hellip;]<\/p>\n","protected":false},"author":4,"featured_media":13094,"comment_status":"open","ping_status":"closed","sticky":false,"template":"","format":"standard","meta":{"om_disable_all_campaigns":false,"_jetpack_memberships_contains_paid_content":false,"footnotes":""},"categories":[3],"tags":[],"class_list":["post-13093","post","type-post","status-publish","format-standard","has-post-thumbnail","hentry","category-nacionales"],"aioseo_notices":[],"gutentor_comment":0,"jetpack_featured_media_url":"https:\/\/eldiariodesanpedro.com.ar\/sitio\/wp-content\/uploads\/2017\/01\/Jujuy-2.jpg","jetpack_shortlink":"https:\/\/wp.me\/p6RhLt-3pb","jetpack_sharing_enabled":true,"_links":{"self":[{"href":"https:\/\/eldiariodesanpedro.com.ar\/sitio\/wp-json\/wp\/v2\/posts\/13093","targetHints":{"allow":["GET"]}}],"collection":[{"href":"https:\/\/eldiariodesanpedro.com.ar\/sitio\/wp-json\/wp\/v2\/posts"}],"about":[{"href":"https:\/\/eldiariodesanpedro.com.ar\/sitio\/wp-json\/wp\/v2\/types\/post"}],"author":[{"embeddable":true,"href":"https:\/\/eldiariodesanpedro.com.ar\/sitio\/wp-json\/wp\/v2\/users\/4"}],"replies":[{"embeddable":true,"href":"https:\/\/eldiariodesanpedro.com.ar\/sitio\/wp-json\/wp\/v2\/comments?post=13093"}],"version-history":[{"count":1,"href":"https:\/\/eldiariodesanpedro.com.ar\/sitio\/wp-json\/wp\/v2\/posts\/13093\/revisions"}],"predecessor-version":[{"id":13095,"href":"https:\/\/eldiariodesanpedro.com.ar\/sitio\/wp-json\/wp\/v2\/posts\/13093\/revisions\/13095"}],"wp:featuredmedia":[{"embeddable":true,"href":"https:\/\/eldiariodesanpedro.com.ar\/sitio\/wp-json\/wp\/v2\/media\/13094"}],"wp:attachment":[{"href":"https:\/\/eldiariodesanpedro.com.ar\/sitio\/wp-json\/wp\/v2\/media?parent=13093"}],"wp:term":[{"taxonomy":"category","embeddable":true,"href":"https:\/\/eldiariodesanpedro.com.ar\/sitio\/wp-json\/wp\/v2\/categories?post=13093"},{"taxonomy":"post_tag","embeddable":true,"href":"https:\/\/eldiariodesanpedro.com.ar\/sitio\/wp-json\/wp\/v2\/tags?post=13093"}],"curies":[{"name":"wp","href":"https:\/\/api.w.org\/{rel}","templated":true}]}}