{"id":13089,"date":"2017-01-19T17:04:33","date_gmt":"2017-01-19T20:04:33","guid":{"rendered":"https:\/\/eldiariodesanpedro.com.ar\/sitio\/?p=13089"},"modified":"2017-01-19T17:04:33","modified_gmt":"2017-01-19T20:04:33","slug":"dos-jovenes-menores-se-accidentaron-en-motocicleta","status":"publish","type":"post","link":"https:\/\/eldiariodesanpedro.com.ar\/sitio\/dos-jovenes-menores-se-accidentaron-en-motocicleta\/","title":{"rendered":"Dos j\u00f3venes menores se accidentaron en motocicleta"},"content":{"rendered":"<p><!-- VideographyWP Plugin Message: Automatic video embedding prevented by plugin options. --><br \/>\nEn la tarde de hoy alrededor de las 16.30 hs se produjo un accidente de transito en la intersecci\u00f3n de 11 de septiembre y Riobamba, entre una motocicleta Zanella 110 cc en la que circulaban dos menores de edad, una ni\u00f1a y una joven, que por motivos que se tratan de establecer fueron colisionadas por un autom\u00f3vil Volkswagen Gacel blanco   conducido por un joven mayor de edad. <\/p>\n<p>Las dos j\u00f3venes fueron trasladadas a la guardia del hospital Emilio Ruffa en el servicio 107 el cual constato en el lugar del accidente que presentaban heridas leves, pero por seguridad fueron trasladadas de cualquier modo.<\/p>\n","protected":false},"excerpt":{"rendered":"<p>En la tarde de hoy alrededor de las 16.30 hs se produjo un accidente de transito en la intersecci\u00f3n de 11 de septiembre y Riobamba, entre una motocicleta Zanella 110 cc en la que circulaban dos menores de edad, una ni\u00f1a y una joven, que por motivos que se tratan de establecer fueron colisionadas por [&hellip;]<\/p>\n","protected":false},"author":4,"featured_media":13091,"comment_status":"open","ping_status":"closed","sticky":false,"template":"","format":"standard","meta":{"om_disable_all_campaigns":false,"_jetpack_memberships_contains_paid_content":false,"footnotes":""},"categories":[50,2,103],"tags":[],"class_list":["post-13089","post","type-post","status-publish","format-standard","has-post-thumbnail","hentry","category-destacadas","category-locales","category-policiales-locales"],"aioseo_notices":[],"gutentor_comment":0,"jetpack_featured_media_url":"https:\/\/eldiariodesanpedro.com.ar\/sitio\/wp-content\/uploads\/2017\/01\/DSC_0109-e1484856258479.jpg","jetpack_shortlink":"https:\/\/wp.me\/p6RhLt-3p7","jetpack_sharing_enabled":true,"_links":{"self":[{"href":"https:\/\/eldiariodesanpedro.com.ar\/sitio\/wp-json\/wp\/v2\/posts\/13089","targetHints":{"allow":["GET"]}}],"collection":[{"href":"https:\/\/eldiariodesanpedro.com.ar\/sitio\/wp-json\/wp\/v2\/posts"}],"about":[{"href":"https:\/\/eldiariodesanpedro.com.ar\/sitio\/wp-json\/wp\/v2\/types\/post"}],"author":[{"embeddable":true,"href":"https:\/\/eldiariodesanpedro.com.ar\/sitio\/wp-json\/wp\/v2\/users\/4"}],"replies":[{"embeddable":true,"href":"https:\/\/eldiariodesanpedro.com.ar\/sitio\/wp-json\/wp\/v2\/comments?post=13089"}],"version-history":[{"count":1,"href":"https:\/\/eldiariodesanpedro.com.ar\/sitio\/wp-json\/wp\/v2\/posts\/13089\/revisions"}],"predecessor-version":[{"id":13092,"href":"https:\/\/eldiariodesanpedro.com.ar\/sitio\/wp-json\/wp\/v2\/posts\/13089\/revisions\/13092"}],"wp:featuredmedia":[{"embeddable":true,"href":"https:\/\/eldiariodesanpedro.com.ar\/sitio\/wp-json\/wp\/v2\/media\/13091"}],"wp:attachment":[{"href":"https:\/\/eldiariodesanpedro.com.ar\/sitio\/wp-json\/wp\/v2\/media?parent=13089"}],"wp:term":[{"taxonomy":"category","embeddable":true,"href":"https:\/\/eldiariodesanpedro.com.ar\/sitio\/wp-json\/wp\/v2\/categories?post=13089"},{"taxonomy":"post_tag","embeddable":true,"href":"https:\/\/eldiariodesanpedro.com.ar\/sitio\/wp-json\/wp\/v2\/tags?post=13089"}],"curies":[{"name":"wp","href":"https:\/\/api.w.org\/{rel}","templated":true}]}}