{"id":13080,"date":"2017-01-19T08:24:30","date_gmt":"2017-01-19T11:24:30","guid":{"rendered":"https:\/\/eldiariodesanpedro.com.ar\/sitio\/?p=13080"},"modified":"2017-01-19T08:24:30","modified_gmt":"2017-01-19T11:24:30","slug":"otra-vez-motochorros-al-acecho","status":"publish","type":"post","link":"https:\/\/eldiariodesanpedro.com.ar\/sitio\/otra-vez-motochorros-al-acecho\/","title":{"rendered":"Otra vez motochorros al acecho"},"content":{"rendered":"<p><!-- VideographyWP Plugin Message: Automatic video embedding prevented by plugin options. --><br \/>\nEn el d\u00eda de ayer por la noche,  alrededor de las 22:30 hs en las inmediaciones de calle M\u00e1ximo Mill\u00e1n y An\u00edbal de Ant\u00f3n una se\u00f1ora quien caminaba por all\u00ed fue abordada por dos j\u00f3venes quienes circulaban en motocicletas los que luego de intimidar verbalmente le roban su cartera y se dan a la fuga. <\/p>\n","protected":false},"excerpt":{"rendered":"<p>En el d\u00eda de ayer por la noche, alrededor de las 22:30 hs en las inmediaciones de calle M\u00e1ximo Mill\u00e1n y An\u00edbal de Ant\u00f3n una se\u00f1ora quien caminaba por all\u00ed fue abordada por dos j\u00f3venes quienes circulaban en motocicletas los que luego de intimidar verbalmente le roban su cartera y se dan a la fuga.<\/p>\n","protected":false},"author":4,"featured_media":5588,"comment_status":"open","ping_status":"closed","sticky":false,"template":"","format":"standard","meta":{"om_disable_all_campaigns":false,"_jetpack_memberships_contains_paid_content":false,"footnotes":""},"categories":[2,103],"tags":[],"class_list":["post-13080","post","type-post","status-publish","format-standard","has-post-thumbnail","hentry","category-locales","category-policiales-locales"],"aioseo_notices":[],"gutentor_comment":0,"jetpack_featured_media_url":"https:\/\/eldiariodesanpedro.com.ar\/sitio\/wp-content\/uploads\/2016\/06\/patrulla-policia-1.jpg","jetpack_shortlink":"https:\/\/wp.me\/p6RhLt-3oY","jetpack_sharing_enabled":true,"_links":{"self":[{"href":"https:\/\/eldiariodesanpedro.com.ar\/sitio\/wp-json\/wp\/v2\/posts\/13080","targetHints":{"allow":["GET"]}}],"collection":[{"href":"https:\/\/eldiariodesanpedro.com.ar\/sitio\/wp-json\/wp\/v2\/posts"}],"about":[{"href":"https:\/\/eldiariodesanpedro.com.ar\/sitio\/wp-json\/wp\/v2\/types\/post"}],"author":[{"embeddable":true,"href":"https:\/\/eldiariodesanpedro.com.ar\/sitio\/wp-json\/wp\/v2\/users\/4"}],"replies":[{"embeddable":true,"href":"https:\/\/eldiariodesanpedro.com.ar\/sitio\/wp-json\/wp\/v2\/comments?post=13080"}],"version-history":[{"count":1,"href":"https:\/\/eldiariodesanpedro.com.ar\/sitio\/wp-json\/wp\/v2\/posts\/13080\/revisions"}],"predecessor-version":[{"id":13081,"href":"https:\/\/eldiariodesanpedro.com.ar\/sitio\/wp-json\/wp\/v2\/posts\/13080\/revisions\/13081"}],"wp:featuredmedia":[{"embeddable":true,"href":"https:\/\/eldiariodesanpedro.com.ar\/sitio\/wp-json\/wp\/v2\/media\/5588"}],"wp:attachment":[{"href":"https:\/\/eldiariodesanpedro.com.ar\/sitio\/wp-json\/wp\/v2\/media?parent=13080"}],"wp:term":[{"taxonomy":"category","embeddable":true,"href":"https:\/\/eldiariodesanpedro.com.ar\/sitio\/wp-json\/wp\/v2\/categories?post=13080"},{"taxonomy":"post_tag","embeddable":true,"href":"https:\/\/eldiariodesanpedro.com.ar\/sitio\/wp-json\/wp\/v2\/tags?post=13080"}],"curies":[{"name":"wp","href":"https:\/\/api.w.org\/{rel}","templated":true}]}}