{"id":13078,"date":"2017-01-19T08:14:03","date_gmt":"2017-01-19T11:14:03","guid":{"rendered":"https:\/\/eldiariodesanpedro.com.ar\/sitio\/?p=13078"},"modified":"2017-01-19T08:14:03","modified_gmt":"2017-01-19T11:14:03","slug":"recuperan-un-moto-robada","status":"publish","type":"post","link":"https:\/\/eldiariodesanpedro.com.ar\/sitio\/recuperan-un-moto-robada\/","title":{"rendered":"Recuperan un moto robada"},"content":{"rendered":"<p><!-- VideographyWP Plugin Message: Automatic video embedding prevented by plugin options. --><br \/>\nEn horas del medio d\u00eda de ayer personal policial intercept\u00f3 a un joven mayor de edad quien circulaba en una motocicleta Corven Triax 200 cc,  la cual se pudo establecer que poseia pedido de secuestro activo desde el d\u00eda 03 de marzo de 2015 por el delito de hurto.  <\/p>\n<p>Se secuestro el veh\u00edculo, siendo trasladado junto con el joven y puesto a disposici\u00f3n de la<br \/>\nFiscal\u00eda en turno dispuso la notificaci\u00f3n de la formaci\u00f3n de la causa y luego de cumplimentar diligencias de rigor recuper\u00f3 su libertad. <\/p>\n","protected":false},"excerpt":{"rendered":"<p>En horas del medio d\u00eda de ayer personal policial intercept\u00f3 a un joven mayor de edad quien circulaba en una motocicleta Corven Triax 200 cc, la cual se pudo establecer que poseia pedido de secuestro activo desde el d\u00eda 03 de marzo de 2015 por el delito de hurto. Se secuestro el veh\u00edculo, siendo trasladado [&hellip;]<\/p>\n","protected":false},"author":4,"featured_media":11797,"comment_status":"open","ping_status":"closed","sticky":false,"template":"","format":"standard","meta":{"om_disable_all_campaigns":false,"_jetpack_memberships_contains_paid_content":false,"footnotes":""},"categories":[2,103],"tags":[],"class_list":["post-13078","post","type-post","status-publish","format-standard","has-post-thumbnail","hentry","category-locales","category-policiales-locales"],"aioseo_notices":[],"gutentor_comment":0,"jetpack_featured_media_url":"https:\/\/eldiariodesanpedro.com.ar\/sitio\/wp-content\/uploads\/2016\/12\/moto-secuestrada.jpg","jetpack_shortlink":"https:\/\/wp.me\/p6RhLt-3oW","jetpack_sharing_enabled":true,"_links":{"self":[{"href":"https:\/\/eldiariodesanpedro.com.ar\/sitio\/wp-json\/wp\/v2\/posts\/13078","targetHints":{"allow":["GET"]}}],"collection":[{"href":"https:\/\/eldiariodesanpedro.com.ar\/sitio\/wp-json\/wp\/v2\/posts"}],"about":[{"href":"https:\/\/eldiariodesanpedro.com.ar\/sitio\/wp-json\/wp\/v2\/types\/post"}],"author":[{"embeddable":true,"href":"https:\/\/eldiariodesanpedro.com.ar\/sitio\/wp-json\/wp\/v2\/users\/4"}],"replies":[{"embeddable":true,"href":"https:\/\/eldiariodesanpedro.com.ar\/sitio\/wp-json\/wp\/v2\/comments?post=13078"}],"version-history":[{"count":1,"href":"https:\/\/eldiariodesanpedro.com.ar\/sitio\/wp-json\/wp\/v2\/posts\/13078\/revisions"}],"predecessor-version":[{"id":13079,"href":"https:\/\/eldiariodesanpedro.com.ar\/sitio\/wp-json\/wp\/v2\/posts\/13078\/revisions\/13079"}],"wp:featuredmedia":[{"embeddable":true,"href":"https:\/\/eldiariodesanpedro.com.ar\/sitio\/wp-json\/wp\/v2\/media\/11797"}],"wp:attachment":[{"href":"https:\/\/eldiariodesanpedro.com.ar\/sitio\/wp-json\/wp\/v2\/media?parent=13078"}],"wp:term":[{"taxonomy":"category","embeddable":true,"href":"https:\/\/eldiariodesanpedro.com.ar\/sitio\/wp-json\/wp\/v2\/categories?post=13078"},{"taxonomy":"post_tag","embeddable":true,"href":"https:\/\/eldiariodesanpedro.com.ar\/sitio\/wp-json\/wp\/v2\/tags?post=13078"}],"curies":[{"name":"wp","href":"https:\/\/api.w.org\/{rel}","templated":true}]}}