{"id":13072,"date":"2017-01-18T21:09:49","date_gmt":"2017-01-19T00:09:49","guid":{"rendered":"https:\/\/eldiariodesanpedro.com.ar\/sitio\/?p=13072"},"modified":"2017-01-18T21:13:08","modified_gmt":"2017-01-19T00:13:08","slug":"italia-cuatro-terremotos-en-pocas-horas-hicieron-temblar-el-centro-del-pais","status":"publish","type":"post","link":"https:\/\/eldiariodesanpedro.com.ar\/sitio\/italia-cuatro-terremotos-en-pocas-horas-hicieron-temblar-el-centro-del-pais\/","title":{"rendered":"ITALIA:  Cuatro terremotos en pocas horas hicieron temblar el centro del pa\u00eds"},"content":{"rendered":"<p><!-- VideographyWP Plugin Message: Automatic video embedding prevented by plugin options. --><br \/>\n(T\u00e9lam) &#8211; Los temblores, que se sintieron con fuerza en Roma, fueron de m\u00e1s de 5 grados en la escala de Richter y por precauci\u00f3n hubo que evacuar escuelas.<\/p>\n<p>   Cuatro terremotos de m\u00e1s de 5 grados en la escala de Richter se registraron hoy en el centro de Italia y se sintieron con fuerza en Roma, a unos 100 kil\u00f3metros del epicentro de los sismos.<\/p>\n<p>   En apenas una hora, tres sismos de 5.1, 5.5 y 5.3 grados de magnitud golpearon al centro de Italia entre las 10.25 y las 11.25 locales (cuatro horas menos en Argentina), originados en la misma zona del sismo que dej\u00f3 en agosto pasado casi 300 v\u00edctimas, aunque por el momento los temblores de hoy no registraron v\u00edctimas fatales.<\/p>\n<p>   Con epicentro en la zona de Montereale, a unos 9 kil\u00f3metros de profundidad y 110 kil\u00f3metros al noreste de Roma, el primer sismo se hizo sentir con fuerza en la capital italiana y provoc\u00f3 la suspensi\u00f3n provisoria de las l\u00edneas de Metro.<\/p>\n<p>   Unos 50 minutos despu\u00e9s, la segunda r\u00e9plica hizo temblar a\u00fan con m\u00e1s fuerza la zona comprendida entre las regiones de Las Marcas, Toscana y Roma y provoc\u00f3 la evacuaci\u00f3n de escuelas y edificios p\u00fablicos en la capital. Una hora exacta despu\u00e9s del primer sismo, un tercer temblor que alcanz\u00f3 los 5.3 grados Richter volvi\u00f3 a sacudir la capital italiana y alrededores, seg\u00fan la estimaci\u00f3n definitiva del Instituto Nacional de Geof\u00edsica y Vulcanolog\u00eda.<\/p>\n<p>   Hacia las 14.34, un cuarto sismo de 5.1 grados originado tambi\u00e9n en el centro de Italia repercuti\u00f3 con fuerza en la capital italiana, mientras los equipos de bomberos y la Protecci\u00f3n Civil a\u00fan trabajaban en las zonas golpeadas por los primeros tres temblores.<\/p>\n<p>   Adem\u00e1s de los subtes, durante la ma\u00f1ana se cerr\u00f3 al p\u00fablico la l\u00ednea de tren entre Roma y Viterbo, al norte.<\/p>\n<p>   Por precauci\u00f3n se evacuaron escuelas en Rieti, en medio de una zona dificultosa por la nieve que desde hace semanas cae en el centro y norte de Italia, al tiempo que se registraron \u00abpeque\u00f1os desprendimientos\u00bb en las localidades de Amatrice y Ascoli, dos de las m\u00e1s golpeadas por el sismo de agosto.<\/p>\n<p>   En Amatrice, se derrumb\u00f3 el campanario de la Iglesia de San Agostino, de los pocos edificios que quedaban en pie tras el terremoto del 24 de agosto.<\/p>\n<p>   La serie de r\u00e9plicas se sinti\u00f3 entre las zonas de Las Marcas y Toscana, e incluso usuarios de redes sociales reportaron movimientos en la isla de Sicilia.<\/p>\n<p>   Desde Berl\u00edn, donde se encuentra en visita oficial, el primer ministro Paolo Gentiloni afirm\u00f3 que se dispuso \u00abun refuerzo del Ej\u00e9rcito a las zonas afectadas por el terremoto y se monitorea minuto a minuto la situaci\u00f3n\u00bb.<\/p>\n<p>   \u00abEs un d\u00eda complicado para nuestro pa\u00eds. Afortunadamente por el momento no se registran v\u00edctimas pero la seguidilla de r\u00e9plicas es un factor de alarma para la poblaci\u00f3n y un factor que ocupa al gobierno\u00bb; agreg\u00f3.<\/p>\n<p>   La alcaldesa de Roma Virginia Raggi, en tanto, convoc\u00f3 a una reuni\u00f3n a la Polic\u00eda, Protecci\u00f3n Civil y organismos de transporte para evaluar la situaci\u00f3n, aunque descartaron \u00abmotivos de alarma en la ciudad\u00bb.<\/p>\n<p>   Adem\u00e1s de los movimientos fuertes advertidos en la capital, hubo m\u00e1s d 20 r\u00e9plicas entre 2 y 3 grados, seg\u00fan el Instituto de Geof\u00edsica.<\/p>\n","protected":false},"excerpt":{"rendered":"<p>(T\u00e9lam) &#8211; Los temblores, que se sintieron con fuerza en Roma, fueron de m\u00e1s de 5 grados en la escala de Richter y por precauci\u00f3n hubo que evacuar escuelas. Cuatro terremotos de m\u00e1s de 5 grados en la escala de Richter se registraron hoy en el centro de Italia y se sintieron con fuerza en [&hellip;]<\/p>\n","protected":false},"author":4,"featured_media":13073,"comment_status":"open","ping_status":"closed","sticky":false,"template":"","format":"standard","meta":{"om_disable_all_campaigns":false,"_jetpack_memberships_contains_paid_content":false,"footnotes":""},"categories":[2],"tags":[],"class_list":["post-13072","post","type-post","status-publish","format-standard","has-post-thumbnail","hentry","category-locales"],"aioseo_notices":[],"gutentor_comment":0,"jetpack_featured_media_url":"https:\/\/eldiariodesanpedro.com.ar\/sitio\/wp-content\/uploads\/2017\/01\/Italia.jpg","jetpack_shortlink":"https:\/\/wp.me\/p6RhLt-3oQ","jetpack_sharing_enabled":true,"_links":{"self":[{"href":"https:\/\/eldiariodesanpedro.com.ar\/sitio\/wp-json\/wp\/v2\/posts\/13072","targetHints":{"allow":["GET"]}}],"collection":[{"href":"https:\/\/eldiariodesanpedro.com.ar\/sitio\/wp-json\/wp\/v2\/posts"}],"about":[{"href":"https:\/\/eldiariodesanpedro.com.ar\/sitio\/wp-json\/wp\/v2\/types\/post"}],"author":[{"embeddable":true,"href":"https:\/\/eldiariodesanpedro.com.ar\/sitio\/wp-json\/wp\/v2\/users\/4"}],"replies":[{"embeddable":true,"href":"https:\/\/eldiariodesanpedro.com.ar\/sitio\/wp-json\/wp\/v2\/comments?post=13072"}],"version-history":[{"count":3,"href":"https:\/\/eldiariodesanpedro.com.ar\/sitio\/wp-json\/wp\/v2\/posts\/13072\/revisions"}],"predecessor-version":[{"id":13076,"href":"https:\/\/eldiariodesanpedro.com.ar\/sitio\/wp-json\/wp\/v2\/posts\/13072\/revisions\/13076"}],"wp:featuredmedia":[{"embeddable":true,"href":"https:\/\/eldiariodesanpedro.com.ar\/sitio\/wp-json\/wp\/v2\/media\/13073"}],"wp:attachment":[{"href":"https:\/\/eldiariodesanpedro.com.ar\/sitio\/wp-json\/wp\/v2\/media?parent=13072"}],"wp:term":[{"taxonomy":"category","embeddable":true,"href":"https:\/\/eldiariodesanpedro.com.ar\/sitio\/wp-json\/wp\/v2\/categories?post=13072"},{"taxonomy":"post_tag","embeddable":true,"href":"https:\/\/eldiariodesanpedro.com.ar\/sitio\/wp-json\/wp\/v2\/tags?post=13072"}],"curies":[{"name":"wp","href":"https:\/\/api.w.org\/{rel}","templated":true}]}}