{"id":13065,"date":"2017-01-18T21:00:25","date_gmt":"2017-01-19T00:00:25","guid":{"rendered":"https:\/\/eldiariodesanpedro.com.ar\/sitio\/?p=13065"},"modified":"2017-01-18T21:00:25","modified_gmt":"2017-01-19T00:00:25","slug":"macri-hablo-de-obras-con-15-intendentes-de-cambiemos","status":"publish","type":"post","link":"https:\/\/eldiariodesanpedro.com.ar\/sitio\/macri-hablo-de-obras-con-15-intendentes-de-cambiemos\/","title":{"rendered":"Macri habl\u00f3 de obras con 15 intendentes de Cambiemos"},"content":{"rendered":"<p><!-- VideographyWP Plugin Message: Automatic video embedding prevented by plugin options. --><br \/>\n(T\u00e9lam) &#8211; El presidente Mauricio Macri comparti\u00f3 un asado en el club San Mart\u00edn, de Tres de Febrero, con 15 intendentes de Cambiemos y dialog\u00f3 con ellos sobre la marcha de la obra p\u00fablica en cada uno de los distritos que gobiernan.<\/p>\n<p>   A las 13, el jefe del Estado lleg\u00f3 en helic\u00f3ptero al club, ubicado en la localidad de Villa Raffo, y se retir\u00f3 alrededor de las 15, tras compartir un asado y fotografiarse con mandatarios comunales del conurbano y del interior que integran la alianza Cambiemos. <\/p>\n<p>   Con el presidente estuvieron el ministro del Interior, Rogelio Frigerio, y el ministro de Gobierno de la Provincia de Buenos Aires, Joaqu\u00edn De la Torre.<\/p>\n<p>   Macri no hizo declaraciones sobre el encuentro, del cual fueron voceros varios de los intendentes que participaron. <\/p>\n<p>   Despu\u00e9s del asado, el intendente de Vicente L\u00f3pez, Jorge Macri, fue uno de los jefes comunales que evaluaron el encuentro. \u00abFue una reuni\u00f3n de trabajo muy importante. Para Mauricio es muy importante saber c\u00f3mo vemos las cosas los intendentes. Fue punteando municipio por municipio c\u00f3mo estamos usando el presupuesto\u00bb, resumi\u00f3.<\/p>\n<p>   El intendente de Vicente L\u00f3pez dijo que no se habl\u00f3 de las elecciones legislativas de este a\u00f1o en el almuerzo. \u00abLo \u00fanico que \u00e9l dijo es que hacer obras es la mejor campa\u00f1a\u00bb, cont\u00f3 sobre la opini\u00f3n que dio el Presidente en el encuentro.<\/p>\n<p>   Joaqu\u00edn De la Torre fue el enviado del gobierno bonaerense a la cumbre de Macri con los jefes comunales. El ex intendente de San Miguel dijo que el encuentro fue \u00abmuy bueno\u00bb y que vio al Presidente \u00abenchufado con las gestiones de los intendentes\u00bb. Adem\u00e1s, agreg\u00f3 que Macri \u00abhac\u00eda preguntas muy interesantes\u00bb a los mandatarios municipales.<\/p>\n<p>   \u00abNosotros tomamos la decisi\u00f3n de trabajar con todos los intendentes. Eso no quiere decir que queramos que los intendentes se pasen\u00bb, asegur\u00f3 Diego Valenzuela, intendente de Tres de Febrero y anfitri\u00f3n del asado en su distrito, valor\u00f3 el encuentro con Macri. \u00abEl balance es muy positivo, es el primer asado de intendentes del conurbano y de capitales de secciones electorales con el Presidente y Frigerio. Es invalorable tener un intercambio con el Presidente\u00bb, opin\u00f3, en di\u00e1logo con esta agencia.<\/p>\n<p>   \u00abCada intendente hizo una presentaci\u00f3n de su situaci\u00f3n, con \u00e9nfasis en las obras con la Naci\u00f3n. Se repasaron las obras que cada uno tiene y se habl\u00f3 de tratar de destrabar el trabajo conjunto para que se muevan los expedientes. Uno de los grandes trabajos del intendente es empujar expedientes. Sirvi\u00f3 para aceitar mecanismos ante el Presidente y Frigerio\u00bb, complet\u00f3 Valenzuela, quien destac\u00f3 que en su distrito promover\u00e1 la renovaci\u00f3n total del barrio Ej\u00e9rcito de Los Andes (Fuerte Apache).<\/p>\n","protected":false},"excerpt":{"rendered":"<p>(T\u00e9lam) &#8211; El presidente Mauricio Macri comparti\u00f3 un asado en el club San Mart\u00edn, de Tres de Febrero, con 15 intendentes de Cambiemos y dialog\u00f3 con ellos sobre la marcha de la obra p\u00fablica en cada uno de los distritos que gobiernan. A las 13, el jefe del Estado lleg\u00f3 en helic\u00f3ptero al club, ubicado [&hellip;]<\/p>\n","protected":false},"author":4,"featured_media":13066,"comment_status":"open","ping_status":"closed","sticky":false,"template":"","format":"standard","meta":{"om_disable_all_campaigns":false,"_jetpack_memberships_contains_paid_content":false,"footnotes":""},"categories":[3],"tags":[],"class_list":["post-13065","post","type-post","status-publish","format-standard","has-post-thumbnail","hentry","category-nacionales"],"aioseo_notices":[],"gutentor_comment":0,"jetpack_featured_media_url":"https:\/\/eldiariodesanpedro.com.ar\/sitio\/wp-content\/uploads\/2017\/01\/Macri.jpg","jetpack_shortlink":"https:\/\/wp.me\/p6RhLt-3oJ","jetpack_sharing_enabled":true,"_links":{"self":[{"href":"https:\/\/eldiariodesanpedro.com.ar\/sitio\/wp-json\/wp\/v2\/posts\/13065","targetHints":{"allow":["GET"]}}],"collection":[{"href":"https:\/\/eldiariodesanpedro.com.ar\/sitio\/wp-json\/wp\/v2\/posts"}],"about":[{"href":"https:\/\/eldiariodesanpedro.com.ar\/sitio\/wp-json\/wp\/v2\/types\/post"}],"author":[{"embeddable":true,"href":"https:\/\/eldiariodesanpedro.com.ar\/sitio\/wp-json\/wp\/v2\/users\/4"}],"replies":[{"embeddable":true,"href":"https:\/\/eldiariodesanpedro.com.ar\/sitio\/wp-json\/wp\/v2\/comments?post=13065"}],"version-history":[{"count":1,"href":"https:\/\/eldiariodesanpedro.com.ar\/sitio\/wp-json\/wp\/v2\/posts\/13065\/revisions"}],"predecessor-version":[{"id":13067,"href":"https:\/\/eldiariodesanpedro.com.ar\/sitio\/wp-json\/wp\/v2\/posts\/13065\/revisions\/13067"}],"wp:featuredmedia":[{"embeddable":true,"href":"https:\/\/eldiariodesanpedro.com.ar\/sitio\/wp-json\/wp\/v2\/media\/13066"}],"wp:attachment":[{"href":"https:\/\/eldiariodesanpedro.com.ar\/sitio\/wp-json\/wp\/v2\/media?parent=13065"}],"wp:term":[{"taxonomy":"category","embeddable":true,"href":"https:\/\/eldiariodesanpedro.com.ar\/sitio\/wp-json\/wp\/v2\/categories?post=13065"},{"taxonomy":"post_tag","embeddable":true,"href":"https:\/\/eldiariodesanpedro.com.ar\/sitio\/wp-json\/wp\/v2\/tags?post=13065"}],"curies":[{"name":"wp","href":"https:\/\/api.w.org\/{rel}","templated":true}]}}