{"id":13058,"date":"2017-01-18T20:49:44","date_gmt":"2017-01-18T23:49:44","guid":{"rendered":"https:\/\/eldiariodesanpedro.com.ar\/sitio\/?p=13058"},"modified":"2026-01-24T00:31:14","modified_gmt":"2026-01-24T03:31:14","slug":"maxibasquet-mitre-fue-subcampeon-en-entre-rios","status":"publish","type":"post","link":"https:\/\/eldiariodesanpedro.com.ar\/sitio\/maxibasquet-mitre-fue-subcampeon-en-entre-rios\/","title":{"rendered":"MAXIB\u00c1SQUET: Mitre fue subcampe\u00f3n en Entre R\u00edos"},"content":{"rendered":"<p><!-- VideographyWP Plugin Message: Automatic video embedding prevented by plugin options. --><br \/>\nLuego de una gran actuaci\u00f3n en la etapa clasificatoria que lo deposit\u00f3 en la final, donde tras una gran paridad, Mitre perdi\u00f3 la final del torneo \u00abCarnaval 2017\u00bb que se llev\u00f3 a cabo en la ciudad de Gualeguaych\u00fa. Fue 55 a 48 frente a Talleres de Paran\u00e1, Entre R\u00edos. Es el comienzo de una dura temporada, donde est\u00e1 previsto disputar varios cert\u00e1menes.<\/p>\n","protected":false},"excerpt":{"rendered":"<p>Luego de una gran actuaci\u00f3n en la etapa clasificatoria que lo deposit\u00f3 en la final, donde tras una gran paridad, Mitre perdi\u00f3 la final del torneo \u00abCarnaval 2017\u00bb que se llev\u00f3 a cabo en la ciudad de Gualeguaych\u00fa. Fue 55 a 48 frente a Talleres de Paran\u00e1, Entre R\u00edos. Es el comienzo de una dura [&hellip;]<\/p>\n","protected":false},"author":4,"featured_media":13060,"comment_status":"open","ping_status":"closed","sticky":false,"template":"","format":"standard","meta":{"om_disable_all_campaigns":false,"_jetpack_memberships_contains_paid_content":false,"footnotes":""},"categories":[5],"tags":[],"class_list":["post-13058","post","type-post","status-publish","format-standard","has-post-thumbnail","hentry","category-deportes"],"aioseo_notices":[],"gutentor_comment":0,"jetpack_featured_media_url":"https:\/\/eldiariodesanpedro.com.ar\/sitio\/wp-content\/uploads\/2017\/01\/Plantel-de-Mitre-en-Gualeguaych\u00fa.jpg","jetpack_shortlink":"https:\/\/wp.me\/p6RhLt-3oC","jetpack_sharing_enabled":true,"_links":{"self":[{"href":"https:\/\/eldiariodesanpedro.com.ar\/sitio\/wp-json\/wp\/v2\/posts\/13058","targetHints":{"allow":["GET"]}}],"collection":[{"href":"https:\/\/eldiariodesanpedro.com.ar\/sitio\/wp-json\/wp\/v2\/posts"}],"about":[{"href":"https:\/\/eldiariodesanpedro.com.ar\/sitio\/wp-json\/wp\/v2\/types\/post"}],"author":[{"embeddable":true,"href":"https:\/\/eldiariodesanpedro.com.ar\/sitio\/wp-json\/wp\/v2\/users\/4"}],"replies":[{"embeddable":true,"href":"https:\/\/eldiariodesanpedro.com.ar\/sitio\/wp-json\/wp\/v2\/comments?post=13058"}],"version-history":[{"count":1,"href":"https:\/\/eldiariodesanpedro.com.ar\/sitio\/wp-json\/wp\/v2\/posts\/13058\/revisions"}],"predecessor-version":[{"id":13061,"href":"https:\/\/eldiariodesanpedro.com.ar\/sitio\/wp-json\/wp\/v2\/posts\/13058\/revisions\/13061"}],"wp:featuredmedia":[{"embeddable":true,"href":"https:\/\/eldiariodesanpedro.com.ar\/sitio\/wp-json\/wp\/v2\/media\/13060"}],"wp:attachment":[{"href":"https:\/\/eldiariodesanpedro.com.ar\/sitio\/wp-json\/wp\/v2\/media?parent=13058"}],"wp:term":[{"taxonomy":"category","embeddable":true,"href":"https:\/\/eldiariodesanpedro.com.ar\/sitio\/wp-json\/wp\/v2\/categories?post=13058"},{"taxonomy":"post_tag","embeddable":true,"href":"https:\/\/eldiariodesanpedro.com.ar\/sitio\/wp-json\/wp\/v2\/tags?post=13058"}],"curies":[{"name":"wp","href":"https:\/\/api.w.org\/{rel}","templated":true}]}}