{"id":13054,"date":"2017-01-18T20:48:04","date_gmt":"2017-01-18T23:48:04","guid":{"rendered":"https:\/\/eldiariodesanpedro.com.ar\/sitio\/?p=13054"},"modified":"2026-01-24T00:31:14","modified_gmt":"2026-01-24T03:31:14","slug":"rugby-tiro-ya-tiene-rivales-para-la-temporada-de-segunda-division","status":"publish","type":"post","link":"https:\/\/eldiariodesanpedro.com.ar\/sitio\/rugby-tiro-ya-tiene-rivales-para-la-temporada-de-segunda-division\/","title":{"rendered":"RUGBY: Tiro ya tiene rivales para la temporada de segunda divisi\u00f3n"},"content":{"rendered":"<p><!-- VideographyWP Plugin Message: Automatic video embedding prevented by plugin options. --><br \/>\nCon una importante reestructuraci\u00f3n para este a\u00f1o, URBA dio a conocer el calendario de todas sus divisiones. Dentro de la reestructuraci\u00f3n efectuada, las categor\u00edas ahora son. TOP 12, Primera \u201cA\u201d, Primera \u201cB\u201d y Primera \u201cC\u201d; Segunda divisi\u00f3n; Tercera divisi\u00f3n. Dar\u00e1n inicio a partir del 1 de abril sus respectivos torneos de la Uni\u00f3n de Rugby de Buenos Aires (URBA).<\/p>\n<p>Tiro Federal, competir\u00e1 en la segunda divisi\u00f3n, mantuvo la categor\u00eda y este a\u00f1o quiere mejorar la campa\u00f1a realizada en el 2016. Ser\u00e1 visitante en el debut ante Atl\u00e9tico y Progreso. Los rivales de tiro Federal ser\u00e1n Club Ciudad San Jos\u00e9, Atl\u00e9tico y Progreso, Areco, Tigre, Varela Jr., El Retiro, Argentino, San Andr\u00e9s, Mercedes, Las Ca\u00f1as, San Marcos, Los Cedros.<\/p>\n<p>En la infograf\u00eda las primeras 8 fechas de 26 que tiene el torneo.<\/p>\n<p><a href=\"https:\/\/eldiariodesanpedro.com.ar\/sitio\/wp-content\/uploads\/2017\/01\/foto-1-19-01-17-fixture-infografia.jpg\"><img decoding=\"async\" data-attachment-id=\"13055\" data-permalink=\"https:\/\/eldiariodesanpedro.com.ar\/sitio\/rugby-tiro-ya-tiene-rivales-para-la-temporada-de-segunda-division\/foto-1-19-01-17-fixture-infografia\/\" data-orig-file=\"https:\/\/eldiariodesanpedro.com.ar\/sitio\/wp-content\/uploads\/2017\/01\/foto-1-19-01-17-fixture-infografia.jpg\" data-orig-size=\"1077,906\" data-comments-opened=\"1\" data-image-meta=\"{&quot;aperture&quot;:&quot;0&quot;,&quot;credit&quot;:&quot;Fernando Bettendorff&quot;,&quot;camera&quot;:&quot;&quot;,&quot;caption&quot;:&quot;&quot;,&quot;created_timestamp&quot;:&quot;1484764333&quot;,&quot;copyright&quot;:&quot;&quot;,&quot;focal_length&quot;:&quot;0&quot;,&quot;iso&quot;:&quot;0&quot;,&quot;shutter_speed&quot;:&quot;0&quot;,&quot;title&quot;:&quot;&quot;,&quot;orientation&quot;:&quot;0&quot;}\" data-image-title=\"foto 1 19-01-17-fixture-infografia\" data-image-description=\"\" data-image-caption=\"\" data-large-file=\"https:\/\/eldiariodesanpedro.com.ar\/sitio\/wp-content\/uploads\/2017\/01\/foto-1-19-01-17-fixture-infografia-1024x861.jpg\" data-src=\"https:\/\/eldiariodesanpedro.com.ar\/sitio\/wp-content\/uploads\/2017\/01\/foto-1-19-01-17-fixture-infografia-300x252.jpg\" alt=\"\" width=\"300\" height=\"252\" class=\"alignnone size-medium wp-image-13055 lazyload\" data-srcset=\"https:\/\/eldiariodesanpedro.com.ar\/sitio\/wp-content\/uploads\/2017\/01\/foto-1-19-01-17-fixture-infografia-300x252.jpg 300w, https:\/\/eldiariodesanpedro.com.ar\/sitio\/wp-content\/uploads\/2017\/01\/foto-1-19-01-17-fixture-infografia-768x646.jpg 768w, https:\/\/eldiariodesanpedro.com.ar\/sitio\/wp-content\/uploads\/2017\/01\/foto-1-19-01-17-fixture-infografia-1024x861.jpg 1024w, https:\/\/eldiariodesanpedro.com.ar\/sitio\/wp-content\/uploads\/2017\/01\/foto-1-19-01-17-fixture-infografia.jpg 1077w\" data-sizes=\"(max-width: 300px) 100vw, 300px\" src=\"data:image\/svg+xml;base64,PHN2ZyB3aWR0aD0iMSIgaGVpZ2h0PSIxIiB4bWxucz0iaHR0cDovL3d3dy53My5vcmcvMjAwMC9zdmciPjwvc3ZnPg==\" style=\"--smush-placeholder-width: 300px; --smush-placeholder-aspect-ratio: 300\/252;\" \/><\/a><\/p>\n","protected":false},"excerpt":{"rendered":"<p>Con una importante reestructuraci\u00f3n para este a\u00f1o, URBA dio a conocer el calendario de todas sus divisiones. Dentro de la reestructuraci\u00f3n efectuada, las categor\u00edas ahora son. TOP 12, Primera \u201cA\u201d, Primera \u201cB\u201d y Primera \u201cC\u201d; Segunda divisi\u00f3n; Tercera divisi\u00f3n. Dar\u00e1n inicio a partir del 1 de abril sus respectivos torneos de la Uni\u00f3n de Rugby [&hellip;]<\/p>\n","protected":false},"author":4,"featured_media":13056,"comment_status":"open","ping_status":"closed","sticky":false,"template":"","format":"standard","meta":{"om_disable_all_campaigns":false,"_jetpack_memberships_contains_paid_content":false,"footnotes":""},"categories":[5],"tags":[],"class_list":["post-13054","post","type-post","status-publish","format-standard","has-post-thumbnail","hentry","category-deportes"],"aioseo_notices":[],"gutentor_comment":0,"jetpack_featured_media_url":"https:\/\/eldiariodesanpedro.com.ar\/sitio\/wp-content\/uploads\/2017\/01\/rugby.jpg","jetpack_shortlink":"https:\/\/wp.me\/p6RhLt-3oy","jetpack_sharing_enabled":true,"_links":{"self":[{"href":"https:\/\/eldiariodesanpedro.com.ar\/sitio\/wp-json\/wp\/v2\/posts\/13054","targetHints":{"allow":["GET"]}}],"collection":[{"href":"https:\/\/eldiariodesanpedro.com.ar\/sitio\/wp-json\/wp\/v2\/posts"}],"about":[{"href":"https:\/\/eldiariodesanpedro.com.ar\/sitio\/wp-json\/wp\/v2\/types\/post"}],"author":[{"embeddable":true,"href":"https:\/\/eldiariodesanpedro.com.ar\/sitio\/wp-json\/wp\/v2\/users\/4"}],"replies":[{"embeddable":true,"href":"https:\/\/eldiariodesanpedro.com.ar\/sitio\/wp-json\/wp\/v2\/comments?post=13054"}],"version-history":[{"count":1,"href":"https:\/\/eldiariodesanpedro.com.ar\/sitio\/wp-json\/wp\/v2\/posts\/13054\/revisions"}],"predecessor-version":[{"id":13057,"href":"https:\/\/eldiariodesanpedro.com.ar\/sitio\/wp-json\/wp\/v2\/posts\/13054\/revisions\/13057"}],"wp:featuredmedia":[{"embeddable":true,"href":"https:\/\/eldiariodesanpedro.com.ar\/sitio\/wp-json\/wp\/v2\/media\/13056"}],"wp:attachment":[{"href":"https:\/\/eldiariodesanpedro.com.ar\/sitio\/wp-json\/wp\/v2\/media?parent=13054"}],"wp:term":[{"taxonomy":"category","embeddable":true,"href":"https:\/\/eldiariodesanpedro.com.ar\/sitio\/wp-json\/wp\/v2\/categories?post=13054"},{"taxonomy":"post_tag","embeddable":true,"href":"https:\/\/eldiariodesanpedro.com.ar\/sitio\/wp-json\/wp\/v2\/tags?post=13054"}],"curies":[{"name":"wp","href":"https:\/\/api.w.org\/{rel}","templated":true}]}}