{"id":13051,"date":"2017-01-18T20:37:21","date_gmt":"2017-01-18T23:37:21","guid":{"rendered":"https:\/\/eldiariodesanpedro.com.ar\/sitio\/?p=13051"},"modified":"2017-01-18T20:37:22","modified_gmt":"2017-01-18T23:37:22","slug":"bajo-el-agua-ahora-hay-que-retornar-a-los-hogares-destruidos","status":"publish","type":"post","link":"https:\/\/eldiariodesanpedro.com.ar\/sitio\/bajo-el-agua-ahora-hay-que-retornar-a-los-hogares-destruidos\/","title":{"rendered":"Baj\u00f3 el agua: ahora hay que retornar a los hogares destruidos"},"content":{"rendered":"<p><!-- VideographyWP Plugin Message: Automatic video embedding prevented by plugin options. --><br \/>\nPas\u00f3 el temporal, baj\u00f3 el agua y es hora de volver a los hogares. A los vecinos de la localidad La Emilia les toca ahora una parte dif\u00edcil de afrontar: ver c\u00f3mo el agua, ya ausente, arruin\u00f3 sus hogares.<\/p>\n<p>Con la angustia de haberlo perdido todo, los vecinos de la localidad La Emilia vuelven a sus casas luego de la fatal inundaci\u00f3n que afect\u00f3 a toda la zona y dej\u00f3 al menos una persona fallecida. <\/p>\n<p>\u00abYa sufr\u00ed siete inundaciones, pero estoy tranquila porque tengo fe. Por dentro tengo una rabia b\u00e1rbara por todo lo que perd\u00ed. Nunca vino el agua con tanta fuerza\u00bb, cont\u00f3 Mirta, una vecina en declaraciones al canal C5N.<\/p>\n<p>En las \u00faltimas horas el agua baj\u00f3 despu\u00e9s de que llegara a los dos metros de altura. Ahora, llega, tal vez, uno de los peores momentos: ir a las casas, limpiar, tirar muebles que ya no sirven. Darse cuenta de cu\u00e1nto han perdido. <\/p>\n<p>La Emilia, ubicada en el extremo norte de la provincia de Buenos Aires, en el l\u00edmite con Santa Fe, fue la localidad m\u00e1s afectada durante el temporal, donde el agua proveniente del Arroyo del Medio ascendi\u00f3 a m\u00e1s de un metro y medio en algunos hogares. La directora de Acci\u00f3n Social de la Comuna, Mar\u00eda Rosa M\u00e9ndez, manifest\u00f3 que tres mil de las cuatro mil personas que habitan el lugar tuvieron que ser evacuadas y alojadas en 20 centros.<\/p>\n<p>\u00abLa gente que se qued\u00f3 en sus casas o en los techos de sus viviendas lo hizo por decisi\u00f3n propia, para cuidar las pocas pertenencias que les quedan. Lo material est\u00e1 todo perdido: el agua lleg\u00f3 a dos metros en muchas de las casas y a los 60 cent\u00edmetros en donde menos hay\u00bb, sostuvo.<\/p>\n<p><strong>El Ministro de Defensa arrib\u00f3 a La Emilia<\/strong><\/p>\n<p>El Ministro de Defensa de la Naci\u00f3n, Julio Mart\u00ednez, lleg\u00f3 hoy a San Nicol\u00e1s y estuvo acompa\u00f1ado por el subsecretario de Desarrollo Social, Fernando S\u00e1nchez, para prestar apoyo a los damnificados por el temporal.<\/p>\n<p>Antes de recorrer la delegaci\u00f3n de La Emilia, supervis\u00f3 los centros de acopio de donaciones instalados en el ITEC en compa\u00f1\u00eda de Naldo Brunelli y Adolfo Su\u00e1rez Erdaire.<\/p>\n<p>Asever\u00f3 que hay una determinaci\u00f3n del Gobierno de la Naci\u00f3n de trabajar en equipo y poner a disposici\u00f3n cada una de las \u00e1reas.<\/p>\n<p>Tras su paso por San Nicol\u00e1s continu\u00f3 la recorrida por Arroyo Seco, otra de las localidades sumamente afectadas.<\/p>\n<p><strong>\u201cUltimaremos detalles del plan h\u00eddrico de San Nicol\u00e1s\u201d<\/strong><\/p>\n<p>Lo afirm\u00f3 el vicegobernador Daniel Salvador en su visita a San Nicol\u00e1s en su recorrida regional por las inundaciones. Daniel Salvador se reuni\u00f3 con el Intendente Ismael Passaglia. Arrib\u00f3 acompa\u00f1ado de los Ministros de Agroindustria y de Desarrollo Social. La Provincia se comprometi\u00f3 a asistir a los damnificados por el temporal y tambi\u00e9n a incluir a huertas y campos analizando situaciones particulares.<\/p>\n<p>Salvador manifest\u00f3: \u201cPrimero, manifiesto solidaridad con todos los vecinos de San Nicol\u00e1s, muy especialmente con aquellos que sufren el drama de la inundaci\u00f3n. En la Provincia, todo lo que tenemos a nuestro alcance, lo estamos haciendo. En otros lugares, es el fuego. Hemos podido dar una asistencia muy importante, generando recursos para las emergencias. Hoy mismo est\u00e1n llegando a San Nicol\u00e1s insumos desde el Ministerio de Desarrollo Social. Desde Agroindustria tambi\u00e9n hay iniciativas, cr\u00e9ditos para necesidades\u201d.<\/p>\n<p>\u201cEstamos terminando de acordar un encuentro que tendr\u00e1 lugar en el transcurso de esta semana en La Plata con el Intendente y su equipo de Obras P\u00fablicas y el Ministerio para ultimar detalles del plan maestro h\u00eddrico de San Nicol\u00e1s, que tiene en el presupuesto una previsi\u00f3n para que se ponga en marcha la obra. Hay que definir c\u00f3mo se hace la licitaci\u00f3n. Nuestra presencia es para transmitir nuestra solidaridad y agilizar los mecanismos de los recursos\u201d, adelant\u00f3. <\/p>\n<p> (Fuente: www.diarioregistrado.com, www.diarioelinformante.com.ar y www.diarioelnorte.com.ar).<\/p>\n","protected":false},"excerpt":{"rendered":"<p>Pas\u00f3 el temporal, baj\u00f3 el agua y es hora de volver a los hogares. A los vecinos de la localidad La Emilia les toca ahora una parte dif\u00edcil de afrontar: ver c\u00f3mo el agua, ya ausente, arruin\u00f3 sus hogares. Con la angustia de haberlo perdido todo, los vecinos de la localidad La Emilia vuelven a [&hellip;]<\/p>\n","protected":false},"author":4,"featured_media":13052,"comment_status":"open","ping_status":"closed","sticky":false,"template":"","format":"standard","meta":{"om_disable_all_campaigns":false,"_jetpack_memberships_contains_paid_content":false,"footnotes":""},"categories":[621],"tags":[],"class_list":["post-13051","post","type-post","status-publish","format-standard","has-post-thumbnail","hentry","category-regionales"],"aioseo_notices":[],"gutentor_comment":0,"jetpack_featured_media_url":"https:\/\/eldiariodesanpedro.com.ar\/sitio\/wp-content\/uploads\/2017\/01\/LA-EMILIA.jpg","jetpack_shortlink":"https:\/\/wp.me\/p6RhLt-3ov","jetpack_sharing_enabled":true,"_links":{"self":[{"href":"https:\/\/eldiariodesanpedro.com.ar\/sitio\/wp-json\/wp\/v2\/posts\/13051","targetHints":{"allow":["GET"]}}],"collection":[{"href":"https:\/\/eldiariodesanpedro.com.ar\/sitio\/wp-json\/wp\/v2\/posts"}],"about":[{"href":"https:\/\/eldiariodesanpedro.com.ar\/sitio\/wp-json\/wp\/v2\/types\/post"}],"author":[{"embeddable":true,"href":"https:\/\/eldiariodesanpedro.com.ar\/sitio\/wp-json\/wp\/v2\/users\/4"}],"replies":[{"embeddable":true,"href":"https:\/\/eldiariodesanpedro.com.ar\/sitio\/wp-json\/wp\/v2\/comments?post=13051"}],"version-history":[{"count":1,"href":"https:\/\/eldiariodesanpedro.com.ar\/sitio\/wp-json\/wp\/v2\/posts\/13051\/revisions"}],"predecessor-version":[{"id":13053,"href":"https:\/\/eldiariodesanpedro.com.ar\/sitio\/wp-json\/wp\/v2\/posts\/13051\/revisions\/13053"}],"wp:featuredmedia":[{"embeddable":true,"href":"https:\/\/eldiariodesanpedro.com.ar\/sitio\/wp-json\/wp\/v2\/media\/13052"}],"wp:attachment":[{"href":"https:\/\/eldiariodesanpedro.com.ar\/sitio\/wp-json\/wp\/v2\/media?parent=13051"}],"wp:term":[{"taxonomy":"category","embeddable":true,"href":"https:\/\/eldiariodesanpedro.com.ar\/sitio\/wp-json\/wp\/v2\/categories?post=13051"},{"taxonomy":"post_tag","embeddable":true,"href":"https:\/\/eldiariodesanpedro.com.ar\/sitio\/wp-json\/wp\/v2\/tags?post=13051"}],"curies":[{"name":"wp","href":"https:\/\/api.w.org\/{rel}","templated":true}]}}