{"id":13048,"date":"2017-01-18T20:32:09","date_gmt":"2017-01-18T23:32:09","guid":{"rendered":"https:\/\/eldiariodesanpedro.com.ar\/sitio\/?p=13048"},"modified":"2017-01-18T21:06:11","modified_gmt":"2017-01-19T00:06:11","slug":"la-municipalidad-dispondra-de-una-grua-para-los-vehiculos-mal-estacionados","status":"publish","type":"post","link":"https:\/\/eldiariodesanpedro.com.ar\/sitio\/la-municipalidad-dispondra-de-una-grua-para-los-vehiculos-mal-estacionados\/","title":{"rendered":"La Municipalidad dispondr\u00e1 de una gr\u00faa para los veh\u00edculos mal estacionados"},"content":{"rendered":"<p><!-- VideographyWP Plugin Message: Automatic video embedding prevented by plugin options. --><br \/>\nEn el d\u00eda de hoy se realizaron dos operativos de tr\u00e1nsito como normalmente se vienen realizando, por la ma\u00f1ana en Gral. Pueyrred\u00f3n y 25 de Mayo, donde solo se realiz\u00f3 el control de motocicletas, de las cuales fueron secuestradas m\u00e1s de 15, y por la tarde en la esquina de 25 de Mayo y Bvar. Moreno, donde en este caso adem\u00e1s de motocicletas tambi\u00e9n se controlaban autom\u00f3viles con un resultado de 5 motos y 1 autom\u00f3vil secuestrados. <\/p>\n<p>En di\u00e1logo con el director de Tr\u00e1nsito y Nocturnidad de la municipalidad, el se\u00f1or \u00c1ngel Burgos, nos comentaba:<br \/>\n \u201cHicimos un operativo con una importante suma de secuestros y en la ma\u00f1ana de hoy m\u00e1s de 15 motos, volvemos a repetir que el usar casco disminuye los riesgos en un accidente, por eso es necesario llevarlo puesto. Las motos secuestradas la mayor\u00eda fueron por falta de documentaci\u00f3n y casco. Adem\u00e1s nos comenta que ante las reacciones violentas que las personas al ser detenido por los inspectores nos estar\u00eda faltando apoyo policial, nos otorgan algo pero no es suficiente, porque las personas reaccionan como si la moto fuera su vida y no es as\u00ed, quieren la moto y m\u00e1s importante es la vida por no querer usar un casco\u00bb. <\/p>\n<p>Adem\u00e1s habl\u00f3 sobre la gr\u00faa que incorporaron este a\u00f1o: \u00abAh\u00ed hay un compromiso del se\u00f1or intendente de la compra de una gr\u00faa, en pocos d\u00edas m\u00e1s vamos a poder darles respuesta a los vecinos que tienen tapados sus garage por autom\u00f3viles mal estacionados, o por autos mal estacionados  En las ochavas o en rampas, para as\u00ed poder secuestrar esos veh\u00edculos que se encuentran en infracci\u00f3n, se va a dar un n\u00famero telef\u00f3nico para que los vecinos informen estos autos mal estacionados y para que realmente les sirva a todos el trabajo que estamos haciendo, para tener un ordenamiento mayor al que estamos llevando a cabo\u00bb.<\/p>\n<div class=\"fb-video\" data-allowfullscreen=\"true\" data-href=\"https:\/\/www.facebook.com\/eldiario.desanpedro\/videos\/564374550438355\/\" style=\"background-color: #fff; display: inline-block;\"><\/div>\n","protected":false},"excerpt":{"rendered":"<p>En el d\u00eda de hoy se realizaron dos operativos de tr\u00e1nsito como normalmente se vienen realizando, por la ma\u00f1ana en Gral. Pueyrred\u00f3n y 25 de Mayo, donde solo se realiz\u00f3 el control de motocicletas, de las cuales fueron secuestradas m\u00e1s de 15, y por la tarde en la esquina de 25 de Mayo y Bvar. [&hellip;]<\/p>\n","protected":false},"author":4,"featured_media":13049,"comment_status":"open","ping_status":"closed","sticky":false,"template":"","format":"standard","meta":{"om_disable_all_campaigns":false,"_jetpack_memberships_contains_paid_content":false,"footnotes":""},"categories":[50,101,2],"tags":[],"class_list":["post-13048","post","type-post","status-publish","format-standard","has-post-thumbnail","hentry","category-destacadas","category-interes-general-locales","category-locales"],"aioseo_notices":[],"gutentor_comment":2,"jetpack_featured_media_url":"https:\/\/eldiariodesanpedro.com.ar\/sitio\/wp-content\/uploads\/2017\/01\/Se-trabaj\u00f3-en-conjunto-con-polic\u00eda-departamental-y-local.jpg","jetpack_shortlink":"https:\/\/wp.me\/p6RhLt-3os","jetpack_sharing_enabled":true,"_links":{"self":[{"href":"https:\/\/eldiariodesanpedro.com.ar\/sitio\/wp-json\/wp\/v2\/posts\/13048","targetHints":{"allow":["GET"]}}],"collection":[{"href":"https:\/\/eldiariodesanpedro.com.ar\/sitio\/wp-json\/wp\/v2\/posts"}],"about":[{"href":"https:\/\/eldiariodesanpedro.com.ar\/sitio\/wp-json\/wp\/v2\/types\/post"}],"author":[{"embeddable":true,"href":"https:\/\/eldiariodesanpedro.com.ar\/sitio\/wp-json\/wp\/v2\/users\/4"}],"replies":[{"embeddable":true,"href":"https:\/\/eldiariodesanpedro.com.ar\/sitio\/wp-json\/wp\/v2\/comments?post=13048"}],"version-history":[{"count":2,"href":"https:\/\/eldiariodesanpedro.com.ar\/sitio\/wp-json\/wp\/v2\/posts\/13048\/revisions"}],"predecessor-version":[{"id":13068,"href":"https:\/\/eldiariodesanpedro.com.ar\/sitio\/wp-json\/wp\/v2\/posts\/13048\/revisions\/13068"}],"wp:featuredmedia":[{"embeddable":true,"href":"https:\/\/eldiariodesanpedro.com.ar\/sitio\/wp-json\/wp\/v2\/media\/13049"}],"wp:attachment":[{"href":"https:\/\/eldiariodesanpedro.com.ar\/sitio\/wp-json\/wp\/v2\/media?parent=13048"}],"wp:term":[{"taxonomy":"category","embeddable":true,"href":"https:\/\/eldiariodesanpedro.com.ar\/sitio\/wp-json\/wp\/v2\/categories?post=13048"},{"taxonomy":"post_tag","embeddable":true,"href":"https:\/\/eldiariodesanpedro.com.ar\/sitio\/wp-json\/wp\/v2\/tags?post=13048"}],"curies":[{"name":"wp","href":"https:\/\/api.w.org\/{rel}","templated":true}]}}