{"id":13046,"date":"2017-01-18T20:29:20","date_gmt":"2017-01-18T23:29:20","guid":{"rendered":"https:\/\/eldiariodesanpedro.com.ar\/sitio\/?p=13046"},"modified":"2017-01-18T20:29:20","modified_gmt":"2017-01-18T23:29:20","slug":"se-recibieron-varias-denuncias-dos-detenidos-por-ebriedad-y-un-caso-de-violencia-de-genero","status":"publish","type":"post","link":"https:\/\/eldiariodesanpedro.com.ar\/sitio\/se-recibieron-varias-denuncias-dos-detenidos-por-ebriedad-y-un-caso-de-violencia-de-genero\/","title":{"rendered":"Se recibieron varias denuncias: dos detenidos por ebriedad y un caso de violencia de g\u00e9nero"},"content":{"rendered":"<p><!-- VideographyWP Plugin Message: Automatic video embedding prevented by plugin options. --><br \/>\nDurante el d\u00eda martes se recibieron varias denuncias por amenazas. La primera fue realizada por un hombre, trabajador de Coplac, el cual se desempe\u00f1a como coordinador en la f\u00e1brica. Esta persona se encontraba trabajando, cuando es abordada por un joven mayor de edad, extrabajador de esta empresa, quien agredi\u00f3 verbalmente y trato de agredir f\u00edsicamente a la persona, adem\u00e1s de amenazarlo de muerte. Luego del disturbio, se retir\u00f3 del lugar y por lo que se pudo saber el conflicto viene de larga data por diferencias laborales.<\/p>\n<p>En segundo lugar, una mujer denunci\u00f3 llamadas telef\u00f3nicas en las cuales un hombre la amenaz\u00f3 de muerte varias veces, ya que el conflicto con esta persona trasciende desde mucho tiempo atr\u00e1s a ra\u00edz de un inmueble en que se domicilia la mujer. El agresor es el propietario.<\/p>\n<p>Tambi\u00e9n sucedi\u00f3 el d\u00eda de martes un hecho de conflicto vecinal en Fray del Pozo y Liniers. Al arribo del personal policial, la v\u00edctima manifest\u00f3 amenazas por parte de un vecino, quien tras intimidaci\u00f3n verbal le solicitaba que se retire del inmueble y que \u00e9l mismo lo iba a evitar, ya que la propiedad no ten\u00eda papeles. Asimismo, el agresor comenz\u00f3 a amenazar y arrojar elementos contundentes hacia el domicilio, para luego darse a la fuga.<\/p>\n<p>Adem\u00e1s tambi\u00e9n sucedi\u00f3 la aprehensi\u00f3n de dos j\u00f3venes mayores de edad en inmediaciones de la zona c\u00e9ntrica, quienes se encontraban realizando disturbios en la v\u00eda p\u00fablica y en estado de ebriedad.<\/p>\n<p>Tambi\u00e9n el d\u00eda de martes en la intersecci\u00f3n de las calles Facundo Quiroga y Javier Rivero se llev\u00f3 a cabo un conflicto, donde una mujer ser\u00eda v\u00edctima de maltrato, siendo agredida por un hombre mayor de edad, quien fue aprehendido por personal policial.<\/p>\n<p>La mujer fue trasladada a la Comisar\u00eda de la Mujer y la Familia, donde recibi\u00f3 las atenciones necesarias por lesiones leves. Por su parte, el agresor fue alojado en la comisar\u00eda local.<\/p>\n","protected":false},"excerpt":{"rendered":"<p>Durante el d\u00eda martes se recibieron varias denuncias por amenazas. La primera fue realizada por un hombre, trabajador de Coplac, el cual se desempe\u00f1a como coordinador en la f\u00e1brica. Esta persona se encontraba trabajando, cuando es abordada por un joven mayor de edad, extrabajador de esta empresa, quien agredi\u00f3 verbalmente y trato de agredir f\u00edsicamente [&hellip;]<\/p>\n","protected":false},"author":4,"featured_media":11800,"comment_status":"open","ping_status":"closed","sticky":false,"template":"","format":"standard","meta":{"om_disable_all_campaigns":false,"_jetpack_memberships_contains_paid_content":false,"footnotes":""},"categories":[2,103],"tags":[],"class_list":["post-13046","post","type-post","status-publish","format-standard","has-post-thumbnail","hentry","category-locales","category-policiales-locales"],"aioseo_notices":[],"gutentor_comment":0,"jetpack_featured_media_url":"https:\/\/eldiariodesanpedro.com.ar\/sitio\/wp-content\/uploads\/2016\/12\/comisaria-san-pedro.jpg","jetpack_shortlink":"https:\/\/wp.me\/p6RhLt-3oq","jetpack_sharing_enabled":true,"_links":{"self":[{"href":"https:\/\/eldiariodesanpedro.com.ar\/sitio\/wp-json\/wp\/v2\/posts\/13046","targetHints":{"allow":["GET"]}}],"collection":[{"href":"https:\/\/eldiariodesanpedro.com.ar\/sitio\/wp-json\/wp\/v2\/posts"}],"about":[{"href":"https:\/\/eldiariodesanpedro.com.ar\/sitio\/wp-json\/wp\/v2\/types\/post"}],"author":[{"embeddable":true,"href":"https:\/\/eldiariodesanpedro.com.ar\/sitio\/wp-json\/wp\/v2\/users\/4"}],"replies":[{"embeddable":true,"href":"https:\/\/eldiariodesanpedro.com.ar\/sitio\/wp-json\/wp\/v2\/comments?post=13046"}],"version-history":[{"count":1,"href":"https:\/\/eldiariodesanpedro.com.ar\/sitio\/wp-json\/wp\/v2\/posts\/13046\/revisions"}],"predecessor-version":[{"id":13047,"href":"https:\/\/eldiariodesanpedro.com.ar\/sitio\/wp-json\/wp\/v2\/posts\/13046\/revisions\/13047"}],"wp:featuredmedia":[{"embeddable":true,"href":"https:\/\/eldiariodesanpedro.com.ar\/sitio\/wp-json\/wp\/v2\/media\/11800"}],"wp:attachment":[{"href":"https:\/\/eldiariodesanpedro.com.ar\/sitio\/wp-json\/wp\/v2\/media?parent=13046"}],"wp:term":[{"taxonomy":"category","embeddable":true,"href":"https:\/\/eldiariodesanpedro.com.ar\/sitio\/wp-json\/wp\/v2\/categories?post=13046"},{"taxonomy":"post_tag","embeddable":true,"href":"https:\/\/eldiariodesanpedro.com.ar\/sitio\/wp-json\/wp\/v2\/tags?post=13046"}],"curies":[{"name":"wp","href":"https:\/\/api.w.org\/{rel}","templated":true}]}}