{"id":130436,"date":"2024-07-03T09:51:53","date_gmt":"2024-07-03T12:51:53","guid":{"rendered":"https:\/\/eldiariodesanpedro.com.ar\/sitio\/?p=130436"},"modified":"2024-07-03T09:51:54","modified_gmt":"2024-07-03T12:51:54","slug":"edicto-de-sucesion-de-cementerio-de-baradero-de-angel-demetrio-scoppa","status":"publish","type":"post","link":"https:\/\/eldiariodesanpedro.com.ar\/sitio\/edicto-de-sucesion-de-cementerio-de-baradero-de-angel-demetrio-scoppa\/","title":{"rendered":"Edicto de Sucesi\u00f3n de Cementerio de Baradero de Angel Demetrio Scoppa"},"content":{"rendered":"<!-- VideographyWP Plugin Message: Automatic video embedding prevented by plugin options. -->\n\n<p class=\"has-text-align-right\">Baradero, 1 de julio de 2024.-<\/p>\n\n\n\n<p class=\"has-text-align-center\">EDICTO<\/p>\n\n\n\n<p>MUNICIPALIDAD DE BARADERO cita y emplaza por treinta (30) d\u00edas a quienes se consideren con derecho sobre el Nicho ubicado en la Secci\u00f3n C, Tabl\u00f3n 8, Lote 84 cuya titularidad figura a nombre del Sr. Angel Demetrio SCOPPA, seg\u00fan consta en el Libro 16. Folio 137, del Cementerio Local.-<\/p>\n\n\n\n<p>(Publicaci\u00f3n v\u00e1lida por los d\u00edas 03 y 04 de julio de 2024)<\/p>\n","protected":false},"excerpt":{"rendered":"<p>Baradero, 1 de julio de 2024.- EDICTO MUNICIPALIDAD DE BARADERO cita y emplaza por treinta (30) d\u00edas a quienes se consideren con derecho sobre el Nicho ubicado en la Secci\u00f3n C, Tabl\u00f3n 8, Lote 84 cuya titularidad figura a nombre del Sr. Angel Demetrio SCOPPA, seg\u00fan consta en el Libro 16. Folio 137, del Cementerio [&hellip;]<\/p>\n","protected":false},"author":4,"featured_media":102746,"comment_status":"closed","ping_status":"closed","sticky":false,"template":"","format":"standard","meta":{"om_disable_all_campaigns":false,"_jetpack_memberships_contains_paid_content":false,"footnotes":""},"categories":[676,1124],"tags":[4972],"class_list":["post-130436","post","type-post","status-publish","format-standard","has-post-thumbnail","hentry","category-edictos","category-edictos-especiales","tag-edicto-de-sucesion-de-cementerio-de-baradero-de-angel-demetrio-scoppa-publi-03"],"aioseo_notices":[],"gutentor_comment":0,"jetpack_featured_media_url":"https:\/\/eldiariodesanpedro.com.ar\/sitio\/wp-content\/uploads\/2022\/01\/EDICTO.jpg","jetpack_shortlink":"https:\/\/wp.me\/p6RhLt-xVO","jetpack_sharing_enabled":true,"_links":{"self":[{"href":"https:\/\/eldiariodesanpedro.com.ar\/sitio\/wp-json\/wp\/v2\/posts\/130436","targetHints":{"allow":["GET"]}}],"collection":[{"href":"https:\/\/eldiariodesanpedro.com.ar\/sitio\/wp-json\/wp\/v2\/posts"}],"about":[{"href":"https:\/\/eldiariodesanpedro.com.ar\/sitio\/wp-json\/wp\/v2\/types\/post"}],"author":[{"embeddable":true,"href":"https:\/\/eldiariodesanpedro.com.ar\/sitio\/wp-json\/wp\/v2\/users\/4"}],"replies":[{"embeddable":true,"href":"https:\/\/eldiariodesanpedro.com.ar\/sitio\/wp-json\/wp\/v2\/comments?post=130436"}],"version-history":[{"count":1,"href":"https:\/\/eldiariodesanpedro.com.ar\/sitio\/wp-json\/wp\/v2\/posts\/130436\/revisions"}],"predecessor-version":[{"id":130437,"href":"https:\/\/eldiariodesanpedro.com.ar\/sitio\/wp-json\/wp\/v2\/posts\/130436\/revisions\/130437"}],"wp:featuredmedia":[{"embeddable":true,"href":"https:\/\/eldiariodesanpedro.com.ar\/sitio\/wp-json\/wp\/v2\/media\/102746"}],"wp:attachment":[{"href":"https:\/\/eldiariodesanpedro.com.ar\/sitio\/wp-json\/wp\/v2\/media?parent=130436"}],"wp:term":[{"taxonomy":"category","embeddable":true,"href":"https:\/\/eldiariodesanpedro.com.ar\/sitio\/wp-json\/wp\/v2\/categories?post=130436"},{"taxonomy":"post_tag","embeddable":true,"href":"https:\/\/eldiariodesanpedro.com.ar\/sitio\/wp-json\/wp\/v2\/tags?post=130436"}],"curies":[{"name":"wp","href":"https:\/\/api.w.org\/{rel}","templated":true}]}}