{"id":130431,"date":"2024-07-03T09:24:15","date_gmt":"2024-07-03T12:24:15","guid":{"rendered":"https:\/\/eldiariodesanpedro.com.ar\/sitio\/?p=130431"},"modified":"2024-07-03T09:24:17","modified_gmt":"2024-07-03T12:24:17","slug":"edicto-de-sucesion-de-morales-facunda-emilce-y-de-esteve-guillermo-enzo","status":"publish","type":"post","link":"https:\/\/eldiariodesanpedro.com.ar\/sitio\/edicto-de-sucesion-de-morales-facunda-emilce-y-de-esteve-guillermo-enzo\/","title":{"rendered":"Edicto de Sucesi\u00f3n de Morales Facunda Emilce y de Esteve Guillermo Enzo"},"content":{"rendered":"<!-- VideographyWP Plugin Message: Automatic video embedding prevented by plugin options. -->\n\n<p>Juzgado en lo Civil y Comercial N\u00ba 6 Secretar\u00eda \u00danica de San Nicol\u00e1s Cita y emplaza por 30 d\u00edas a herederos y acreedores de <strong>Morales, Facunda Emilce y De Esteve, Guillermo Enzo<\/strong>.- San Nicolas, 01 de Julio de 2024.-<\/p>\n\n\n\n<p>HORMAZABAL JOSE ANTONIO<br>AUXILIAR LETRADO<br><br>(Publicaci\u00f3n v\u00e1lida por los d\u00edas 03, 04 y 05 de julio de 2024)<br><a href=\"https:\/\/notificaciones.scba.gov.ar\/verificarnotificacion.aspx?codNotif=7K3SA2RU0SJ6\">https:\/\/notificaciones.scba.gov.ar\/verificarnotificacion.aspx?codNotif=7K3SA2RU0SJ6<\/a><\/p>\n","protected":false},"excerpt":{"rendered":"<p>Juzgado en lo Civil y Comercial N\u00ba 6 Secretar\u00eda \u00danica de San Nicol\u00e1s Cita y emplaza por 30 d\u00edas a herederos y acreedores de Morales, Facunda Emilce y De Esteve, Guillermo Enzo.- San Nicolas, 01 de Julio de 2024.- HORMAZABAL JOSE ANTONIOAUXILIAR LETRADO (Publicaci\u00f3n v\u00e1lida por los d\u00edas 03, 04 y 05 de julio de [&hellip;]<\/p>\n","protected":false},"author":4,"featured_media":102746,"comment_status":"closed","ping_status":"closed","sticky":false,"template":"","format":"standard","meta":{"om_disable_all_campaigns":false,"_jetpack_memberships_contains_paid_content":false,"footnotes":""},"categories":[676,677],"tags":[4970],"class_list":["post-130431","post","type-post","status-publish","format-standard","has-post-thumbnail","hentry","category-edictos","category-edictos-sucesorios","tag-edicto-de-sucesion-de-morales-facunda-emilce-y-de-esteve-guillermo-enzo"],"aioseo_notices":[],"gutentor_comment":0,"jetpack_featured_media_url":"https:\/\/eldiariodesanpedro.com.ar\/sitio\/wp-content\/uploads\/2022\/01\/EDICTO.jpg","jetpack_shortlink":"https:\/\/wp.me\/p6RhLt-xVJ","jetpack_sharing_enabled":true,"_links":{"self":[{"href":"https:\/\/eldiariodesanpedro.com.ar\/sitio\/wp-json\/wp\/v2\/posts\/130431","targetHints":{"allow":["GET"]}}],"collection":[{"href":"https:\/\/eldiariodesanpedro.com.ar\/sitio\/wp-json\/wp\/v2\/posts"}],"about":[{"href":"https:\/\/eldiariodesanpedro.com.ar\/sitio\/wp-json\/wp\/v2\/types\/post"}],"author":[{"embeddable":true,"href":"https:\/\/eldiariodesanpedro.com.ar\/sitio\/wp-json\/wp\/v2\/users\/4"}],"replies":[{"embeddable":true,"href":"https:\/\/eldiariodesanpedro.com.ar\/sitio\/wp-json\/wp\/v2\/comments?post=130431"}],"version-history":[{"count":1,"href":"https:\/\/eldiariodesanpedro.com.ar\/sitio\/wp-json\/wp\/v2\/posts\/130431\/revisions"}],"predecessor-version":[{"id":130432,"href":"https:\/\/eldiariodesanpedro.com.ar\/sitio\/wp-json\/wp\/v2\/posts\/130431\/revisions\/130432"}],"wp:featuredmedia":[{"embeddable":true,"href":"https:\/\/eldiariodesanpedro.com.ar\/sitio\/wp-json\/wp\/v2\/media\/102746"}],"wp:attachment":[{"href":"https:\/\/eldiariodesanpedro.com.ar\/sitio\/wp-json\/wp\/v2\/media?parent=130431"}],"wp:term":[{"taxonomy":"category","embeddable":true,"href":"https:\/\/eldiariodesanpedro.com.ar\/sitio\/wp-json\/wp\/v2\/categories?post=130431"},{"taxonomy":"post_tag","embeddable":true,"href":"https:\/\/eldiariodesanpedro.com.ar\/sitio\/wp-json\/wp\/v2\/tags?post=130431"}],"curies":[{"name":"wp","href":"https:\/\/api.w.org\/{rel}","templated":true}]}}