{"id":13043,"date":"2017-01-18T20:06:43","date_gmt":"2017-01-18T23:06:43","guid":{"rendered":"https:\/\/eldiariodesanpedro.com.ar\/sitio\/?p=13043"},"modified":"2017-01-18T20:06:43","modified_gmt":"2017-01-18T23:06:43","slug":"comenzo-la-demarcacion-de-la-avenida-costanera","status":"publish","type":"post","link":"https:\/\/eldiariodesanpedro.com.ar\/sitio\/comenzo-la-demarcacion-de-la-avenida-costanera\/","title":{"rendered":"Comenz\u00f3 la demarcaci\u00f3n de la avenida costanera"},"content":{"rendered":"<p><!-- VideographyWP Plugin Message: Automatic video embedding prevented by plugin options. --><br \/>\nLas obras de repavimentaci\u00f3n finalizaron antes de fin de a\u00f1o y faltaba concluir la se\u00f1alizaci\u00f3n. En la ma\u00f1ana de hoy la empresa licitataria comenz\u00f3 a realizar las tareas en Juan de Garay desde 11 de Septiembre en direcci\u00f3n a la rotonda de calle Rivadavia o m\u00e1s conocida como \u201cla bajada del N\u00e1utico\u201d. En tanto que tambi\u00e9n se har\u00e1 lo propio desde ese punto por Av. Espa\u00f1a hasta R\u00f3mulo Na\u00f3n.<\/p>\n<p>Para ello se llev\u00f3 a cabo la l\u00ednea punteada que divide ambas manos y la delimitaci\u00f3n con la finalizaci\u00f3n de la calzada.<\/p>\n","protected":false},"excerpt":{"rendered":"<p>Las obras de repavimentaci\u00f3n finalizaron antes de fin de a\u00f1o y faltaba concluir la se\u00f1alizaci\u00f3n. En la ma\u00f1ana de hoy la empresa licitataria comenz\u00f3 a realizar las tareas en Juan de Garay desde 11 de Septiembre en direcci\u00f3n a la rotonda de calle Rivadavia o m\u00e1s conocida como \u201cla bajada del N\u00e1utico\u201d. En tanto que [&hellip;]<\/p>\n","protected":false},"author":4,"featured_media":13044,"comment_status":"open","ping_status":"closed","sticky":false,"template":"","format":"standard","meta":{"om_disable_all_campaigns":false,"_jetpack_memberships_contains_paid_content":false,"footnotes":""},"categories":[101,2],"tags":[],"class_list":["post-13043","post","type-post","status-publish","format-standard","has-post-thumbnail","hentry","category-interes-general-locales","category-locales"],"aioseo_notices":[],"gutentor_comment":0,"jetpack_featured_media_url":"https:\/\/eldiariodesanpedro.com.ar\/sitio\/wp-content\/uploads\/2017\/01\/La-avenida-demarcada.jpg","jetpack_shortlink":"https:\/\/wp.me\/p6RhLt-3on","jetpack_sharing_enabled":true,"_links":{"self":[{"href":"https:\/\/eldiariodesanpedro.com.ar\/sitio\/wp-json\/wp\/v2\/posts\/13043","targetHints":{"allow":["GET"]}}],"collection":[{"href":"https:\/\/eldiariodesanpedro.com.ar\/sitio\/wp-json\/wp\/v2\/posts"}],"about":[{"href":"https:\/\/eldiariodesanpedro.com.ar\/sitio\/wp-json\/wp\/v2\/types\/post"}],"author":[{"embeddable":true,"href":"https:\/\/eldiariodesanpedro.com.ar\/sitio\/wp-json\/wp\/v2\/users\/4"}],"replies":[{"embeddable":true,"href":"https:\/\/eldiariodesanpedro.com.ar\/sitio\/wp-json\/wp\/v2\/comments?post=13043"}],"version-history":[{"count":1,"href":"https:\/\/eldiariodesanpedro.com.ar\/sitio\/wp-json\/wp\/v2\/posts\/13043\/revisions"}],"predecessor-version":[{"id":13045,"href":"https:\/\/eldiariodesanpedro.com.ar\/sitio\/wp-json\/wp\/v2\/posts\/13043\/revisions\/13045"}],"wp:featuredmedia":[{"embeddable":true,"href":"https:\/\/eldiariodesanpedro.com.ar\/sitio\/wp-json\/wp\/v2\/media\/13044"}],"wp:attachment":[{"href":"https:\/\/eldiariodesanpedro.com.ar\/sitio\/wp-json\/wp\/v2\/media?parent=13043"}],"wp:term":[{"taxonomy":"category","embeddable":true,"href":"https:\/\/eldiariodesanpedro.com.ar\/sitio\/wp-json\/wp\/v2\/categories?post=13043"},{"taxonomy":"post_tag","embeddable":true,"href":"https:\/\/eldiariodesanpedro.com.ar\/sitio\/wp-json\/wp\/v2\/tags?post=13043"}],"curies":[{"name":"wp","href":"https:\/\/api.w.org\/{rel}","templated":true}]}}