{"id":13040,"date":"2017-01-18T20:05:07","date_gmt":"2017-01-18T23:05:07","guid":{"rendered":"https:\/\/eldiariodesanpedro.com.ar\/sitio\/?p=13040"},"modified":"2017-01-18T20:05:07","modified_gmt":"2017-01-18T23:05:07","slug":"fumigaron-contra-los-alacranes-en-el-barrio-la-providencia","status":"publish","type":"post","link":"https:\/\/eldiariodesanpedro.com.ar\/sitio\/fumigaron-contra-los-alacranes-en-el-barrio-la-providencia\/","title":{"rendered":"Fumigaron contra los alacranes en el barrio La Providencia"},"content":{"rendered":"<p><!-- VideographyWP Plugin Message: Automatic video embedding prevented by plugin options. --><br \/>\nTal cual hab\u00edamos adelantado, los trabajos se concretaron en la ma\u00f1ana de hoy ante la advertencia realizada por vecinos que all\u00ed residen sobre la aparici\u00f3n de esa clase de ar\u00e1cnidos.<\/p>\n<p>Primero \u201chicimos un perimetral para fumigar con productos los mosquitos y avispas\u201d, asegur\u00f3 Saverio Guti\u00e9rrez, director de Bromatolog\u00eda.  <\/p>\n<p>Luego Heriberto De La Fuente trabaj\u00f3 dentro de las casas y luego tambi\u00e9n se hizo lo mismo en la zona exterior a las viviendas. Y por la noche \u201ccon la maquinaria pesada para hacer un refuerzo de lo que hicimos durante el d\u00eda\u201d.<\/p>\n<p>Al tiempo que cont\u00f3 que esta campa\u00f1a se extender\u00e1 a otras zonas de la ciudad. \u201cLa idea es tratar de buscar la participaci\u00f3n ciudadana que es importante en esto, logrando de que nos abran sus casas\u201d, sostuvo Guti\u00e9rrez.  <\/p>\n<p>\u201cVamos estar en los pr\u00f3ximos d\u00edas por Villa Igoillo, Los Aromos, Los Aromitos de ah\u00ed pasar a Bajo Puerto, Barrio Arcor y Futuro. Hacer en los barrios que dan a la Mateo Sbert tambi\u00e9n. La idea es que dos o tres d\u00edas visitar un barrio y controlar insectos y alacranes\u00bb.<\/p>\n","protected":false},"excerpt":{"rendered":"<p>Tal cual hab\u00edamos adelantado, los trabajos se concretaron en la ma\u00f1ana de hoy ante la advertencia realizada por vecinos que all\u00ed residen sobre la aparici\u00f3n de esa clase de ar\u00e1cnidos. Primero \u201chicimos un perimetral para fumigar con productos los mosquitos y avispas\u201d, asegur\u00f3 Saverio Guti\u00e9rrez, director de Bromatolog\u00eda. Luego Heriberto De La Fuente trabaj\u00f3 dentro [&hellip;]<\/p>\n","protected":false},"author":4,"featured_media":13041,"comment_status":"open","ping_status":"closed","sticky":false,"template":"","format":"standard","meta":{"om_disable_all_campaigns":false,"_jetpack_memberships_contains_paid_content":false,"footnotes":""},"categories":[101,2],"tags":[],"class_list":["post-13040","post","type-post","status-publish","format-standard","has-post-thumbnail","hentry","category-interes-general-locales","category-locales"],"aioseo_notices":[],"gutentor_comment":0,"jetpack_featured_media_url":"https:\/\/eldiariodesanpedro.com.ar\/sitio\/wp-content\/uploads\/2017\/01\/Los-trabajos-de-la-Direcci\u00f3n-de-Bromatolog\u00eda.jpeg","jetpack_shortlink":"https:\/\/wp.me\/p6RhLt-3ok","jetpack_sharing_enabled":true,"_links":{"self":[{"href":"https:\/\/eldiariodesanpedro.com.ar\/sitio\/wp-json\/wp\/v2\/posts\/13040","targetHints":{"allow":["GET"]}}],"collection":[{"href":"https:\/\/eldiariodesanpedro.com.ar\/sitio\/wp-json\/wp\/v2\/posts"}],"about":[{"href":"https:\/\/eldiariodesanpedro.com.ar\/sitio\/wp-json\/wp\/v2\/types\/post"}],"author":[{"embeddable":true,"href":"https:\/\/eldiariodesanpedro.com.ar\/sitio\/wp-json\/wp\/v2\/users\/4"}],"replies":[{"embeddable":true,"href":"https:\/\/eldiariodesanpedro.com.ar\/sitio\/wp-json\/wp\/v2\/comments?post=13040"}],"version-history":[{"count":1,"href":"https:\/\/eldiariodesanpedro.com.ar\/sitio\/wp-json\/wp\/v2\/posts\/13040\/revisions"}],"predecessor-version":[{"id":13042,"href":"https:\/\/eldiariodesanpedro.com.ar\/sitio\/wp-json\/wp\/v2\/posts\/13040\/revisions\/13042"}],"wp:featuredmedia":[{"embeddable":true,"href":"https:\/\/eldiariodesanpedro.com.ar\/sitio\/wp-json\/wp\/v2\/media\/13041"}],"wp:attachment":[{"href":"https:\/\/eldiariodesanpedro.com.ar\/sitio\/wp-json\/wp\/v2\/media?parent=13040"}],"wp:term":[{"taxonomy":"category","embeddable":true,"href":"https:\/\/eldiariodesanpedro.com.ar\/sitio\/wp-json\/wp\/v2\/categories?post=13040"},{"taxonomy":"post_tag","embeddable":true,"href":"https:\/\/eldiariodesanpedro.com.ar\/sitio\/wp-json\/wp\/v2\/tags?post=13040"}],"curies":[{"name":"wp","href":"https:\/\/api.w.org\/{rel}","templated":true}]}}