{"id":13037,"date":"2017-01-18T20:03:00","date_gmt":"2017-01-18T23:03:00","guid":{"rendered":"https:\/\/eldiariodesanpedro.com.ar\/sitio\/?p=13037"},"modified":"2017-01-18T21:08:04","modified_gmt":"2017-01-19T00:08:04","slug":"accidente-en-1001-y-cro-gral-belgrano-derivaron-a-santi-al-sanatorio-otamendi","status":"publish","type":"post","link":"https:\/\/eldiariodesanpedro.com.ar\/sitio\/accidente-en-1001-y-cro-gral-belgrano-derivaron-a-santi-al-sanatorio-otamendi\/","title":{"rendered":"Accidente en 1001 y Cro. Gral Belgrano: Derivaron a Santi al Sanatorio Otamendi"},"content":{"rendered":"<p><!-- VideographyWP Plugin Message: Automatic video embedding prevented by plugin options. --><br \/>\nLa fractura de f\u00e9mur es la lesi\u00f3n m\u00e1s complicada que presenta Hern\u00e1n Santi. \u201cSe va a derivar, m\u00e1s que todo, para la parte traumatol\u00f3gica, se le va a colocar un clavo endomedular y eso se va a hacer en Capital\u201d, sostuvo el jefe de la Guardia, el Dr. Herbas, a trav\u00e9s de La Radio 92.3.<\/p>\n<p>Cabe recordar que Santi sufri\u00f3, en el accidente ocurrido cerca de las 16.00 en Cro. Gral Belgrano y Ruta 1001 en la camioneta que se desplazaba contra un cami\u00f3n, un traumatismo tor\u00e1cico abdominal con fracturas de costales y en el codo.<\/p>\n<p>\u201cEso se va a hacer en el Otamendi, en la cual, a trav\u00e9s de la ART, se determin\u00f3 la derivaci\u00f3n\u201d. \u201cEs una cirug\u00eda casi programada porque no es una urgencia\u201c, agreg\u00f3.<\/p>\n<p>En tanto se esperan los estudios para saber como se encuentra internamente. \u201cLa tomograf\u00eda computada lo que dio fue un leve compromiso pulmonar debido al golpe porque ten\u00eda un traumatismo tor\u00e1cico con fracturas costales\u201d, dijo Herbas.<\/p>\n<p>Al tiempo que sostuvo: \u201cEn la parte neurol\u00f3gica no ten\u00edan ning\u00fan tipo de sintomatolog\u00eda pero el traumatismo de f\u00e9mur lo puede comprometer\u201d, porque este tipo de traumatizados \u201centran en shock, porque lo que hacen los pacientes en estos casos es perder dos o tres litros de sangre\u201d. Eso fue compensado luego de su ingreso al nosocomio.<\/p>\n<p>En ese marco, en cuanto al tiempo de recuperaci\u00f3n, sostuvo: \u201cDe no mediar ning\u00fan tipo de complicaci\u00f3n, va a demandar al menos 3 meses\u201d.<\/p>\n","protected":false},"excerpt":{"rendered":"<p>La fractura de f\u00e9mur es la lesi\u00f3n m\u00e1s complicada que presenta Hern\u00e1n Santi. \u201cSe va a derivar, m\u00e1s que todo, para la parte traumatol\u00f3gica, se le va a colocar un clavo endomedular y eso se va a hacer en Capital\u201d, sostuvo el jefe de la Guardia, el Dr. Herbas, a trav\u00e9s de La Radio 92.3. [&hellip;]<\/p>\n","protected":false},"author":4,"featured_media":13038,"comment_status":"open","ping_status":"closed","sticky":false,"template":"","format":"standard","meta":{"om_disable_all_campaigns":false,"_jetpack_memberships_contains_paid_content":false,"footnotes":""},"categories":[50,101,2],"tags":[],"class_list":["post-13037","post","type-post","status-publish","format-standard","has-post-thumbnail","hentry","category-destacadas","category-interes-general-locales","category-locales"],"aioseo_notices":[],"gutentor_comment":0,"jetpack_featured_media_url":"https:\/\/eldiariodesanpedro.com.ar\/sitio\/wp-content\/uploads\/2017\/01\/accidente-santi-ruta-1001-y-Cro.-Gral.-Belgrano.jpg","jetpack_shortlink":"https:\/\/wp.me\/p6RhLt-3oh","jetpack_sharing_enabled":true,"_links":{"self":[{"href":"https:\/\/eldiariodesanpedro.com.ar\/sitio\/wp-json\/wp\/v2\/posts\/13037","targetHints":{"allow":["GET"]}}],"collection":[{"href":"https:\/\/eldiariodesanpedro.com.ar\/sitio\/wp-json\/wp\/v2\/posts"}],"about":[{"href":"https:\/\/eldiariodesanpedro.com.ar\/sitio\/wp-json\/wp\/v2\/types\/post"}],"author":[{"embeddable":true,"href":"https:\/\/eldiariodesanpedro.com.ar\/sitio\/wp-json\/wp\/v2\/users\/4"}],"replies":[{"embeddable":true,"href":"https:\/\/eldiariodesanpedro.com.ar\/sitio\/wp-json\/wp\/v2\/comments?post=13037"}],"version-history":[{"count":1,"href":"https:\/\/eldiariodesanpedro.com.ar\/sitio\/wp-json\/wp\/v2\/posts\/13037\/revisions"}],"predecessor-version":[{"id":13039,"href":"https:\/\/eldiariodesanpedro.com.ar\/sitio\/wp-json\/wp\/v2\/posts\/13037\/revisions\/13039"}],"wp:featuredmedia":[{"embeddable":true,"href":"https:\/\/eldiariodesanpedro.com.ar\/sitio\/wp-json\/wp\/v2\/media\/13038"}],"wp:attachment":[{"href":"https:\/\/eldiariodesanpedro.com.ar\/sitio\/wp-json\/wp\/v2\/media?parent=13037"}],"wp:term":[{"taxonomy":"category","embeddable":true,"href":"https:\/\/eldiariodesanpedro.com.ar\/sitio\/wp-json\/wp\/v2\/categories?post=13037"},{"taxonomy":"post_tag","embeddable":true,"href":"https:\/\/eldiariodesanpedro.com.ar\/sitio\/wp-json\/wp\/v2\/tags?post=13037"}],"curies":[{"name":"wp","href":"https:\/\/api.w.org\/{rel}","templated":true}]}}