{"id":13033,"date":"2017-01-18T19:26:22","date_gmt":"2017-01-18T22:26:22","guid":{"rendered":"https:\/\/eldiariodesanpedro.com.ar\/sitio\/?p=13033"},"modified":"2017-01-18T19:26:22","modified_gmt":"2017-01-18T22:26:22","slug":"presentacion-del-libro-tangos-de-dios-del-padre-fabian-failache","status":"publish","type":"post","link":"https:\/\/eldiariodesanpedro.com.ar\/sitio\/presentacion-del-libro-tangos-de-dios-del-padre-fabian-failache\/","title":{"rendered":"Presentaci\u00f3n del libro \u00abTangos de Dios\u00bb del padre Fabi\u00e1n Failache"},"content":{"rendered":"<p><!-- VideographyWP Plugin Message: Automatic video embedding prevented by plugin options. --><br \/>\nEl viernes pr\u00f3ximo a las 21.00, en la Sociedad Italiana de San Pedro, se llevar\u00e1 a cabo la presentaci\u00f3n del libro \u201cTangos de Dios\u201d del padre Fabi\u00e1n Failache, quien fuera p\u00e1rroco en Gobernador Castro.<\/p>\n<p>El libro, que cuenta con un pr\u00f3logo de Monse\u00f1or Domingo Salvador Casta\u00f1a, contiene una serie de reflexiones surgidas a partir de la meditaci\u00f3n de la Palabra.<\/p>\n<p>Jos\u00e9 Luis Aguilar se referir\u00e1 a la obra y Liliana Ag\u00fcero musicalizar\u00e1 la noche. El libro es editado por Arenz &#038; Antich, la editorial sampedrina. <\/p>\n<p>Pr\u00f3logo de Monse\u00f1or Domingo Salvador Castagna (Arzobispo em\u00e9rito de Corrientes, Argentina):<\/p>\n<p>\u00abHe le\u00eddo atentamente las reflexiones del Padre N\u00e9stor Fabi\u00e1n Failache. Cuando un sacerdote escribe, ofrece el contenido espiritual de su coraz\u00f3n a quienes habitualmente se relacionan con \u00e9l. El texto escrito, y oportunamente dado a publicidad, alberga la oportunidad de llegar a mucha gente. Un auditorio ilimitado que, por la lectura, recibe de \u00e9l un mensaje portador del Evangelio. Aunque sus dotes intelectuales le otorguen  luz propia, no podr\u00e1 negar la identidad pastoral que lo conforma necesariamente con su Maestro y Se\u00f1or.<\/p>\n<p>Es as\u00ed como deben ser le\u00eddas y gustadas las presentes reflexiones. Advierto su empe\u00f1o en testimoniar la fe, de la que es doblemente testigo: como bautizado y como sacerdote. He tenido el honor de transmitirle el indeleble carisma sacerdotal, mediante la imposici\u00f3n de mis manos, el d\u00eda de su Ordenaci\u00f3n, hace ya muchos a\u00f1os. Al recorrer estas p\u00e1ginas simples y directas, advierto el crecimiento del don recibido entonces. S\u00e9 que su influencia ministerial se extender\u00e1 a muchos lectores, mediante la edici\u00f3n de sus reflexiones escritas, y ampliar\u00e1 indefinidamente el espacio en el que se mueve en su tarea cotidiana.<\/p>\n<p>Que el Buen Pastor tome estos escritos, como sin duda lo desea su autor, a modo de instrumento autorizado para llamar a muchos hombres y mujeres a la fe y a la conversi\u00f3n. Felicito a quienes han promovido esta edici\u00f3n para la Argentina.<\/p>\n<p>Corrientes (R. Argentina), 14 de diciembre de 2016\u00bb.<\/p>\n","protected":false},"excerpt":{"rendered":"<p>El viernes pr\u00f3ximo a las 21.00, en la Sociedad Italiana de San Pedro, se llevar\u00e1 a cabo la presentaci\u00f3n del libro \u201cTangos de Dios\u201d del padre Fabi\u00e1n Failache, quien fuera p\u00e1rroco en Gobernador Castro. El libro, que cuenta con un pr\u00f3logo de Monse\u00f1or Domingo Salvador Casta\u00f1a, contiene una serie de reflexiones surgidas a partir de [&hellip;]<\/p>\n","protected":false},"author":4,"featured_media":13034,"comment_status":"open","ping_status":"closed","sticky":false,"template":"","format":"standard","meta":{"om_disable_all_campaigns":false,"_jetpack_memberships_contains_paid_content":false,"footnotes":""},"categories":[101,2],"tags":[],"class_list":["post-13033","post","type-post","status-publish","format-standard","has-post-thumbnail","hentry","category-interes-general-locales","category-locales"],"aioseo_notices":[],"gutentor_comment":0,"jetpack_featured_media_url":"https:\/\/eldiariodesanpedro.com.ar\/sitio\/wp-content\/uploads\/2017\/01\/libros.jpg","jetpack_shortlink":"https:\/\/wp.me\/p6RhLt-3od","jetpack_sharing_enabled":true,"_links":{"self":[{"href":"https:\/\/eldiariodesanpedro.com.ar\/sitio\/wp-json\/wp\/v2\/posts\/13033","targetHints":{"allow":["GET"]}}],"collection":[{"href":"https:\/\/eldiariodesanpedro.com.ar\/sitio\/wp-json\/wp\/v2\/posts"}],"about":[{"href":"https:\/\/eldiariodesanpedro.com.ar\/sitio\/wp-json\/wp\/v2\/types\/post"}],"author":[{"embeddable":true,"href":"https:\/\/eldiariodesanpedro.com.ar\/sitio\/wp-json\/wp\/v2\/users\/4"}],"replies":[{"embeddable":true,"href":"https:\/\/eldiariodesanpedro.com.ar\/sitio\/wp-json\/wp\/v2\/comments?post=13033"}],"version-history":[{"count":1,"href":"https:\/\/eldiariodesanpedro.com.ar\/sitio\/wp-json\/wp\/v2\/posts\/13033\/revisions"}],"predecessor-version":[{"id":13035,"href":"https:\/\/eldiariodesanpedro.com.ar\/sitio\/wp-json\/wp\/v2\/posts\/13033\/revisions\/13035"}],"wp:featuredmedia":[{"embeddable":true,"href":"https:\/\/eldiariodesanpedro.com.ar\/sitio\/wp-json\/wp\/v2\/media\/13034"}],"wp:attachment":[{"href":"https:\/\/eldiariodesanpedro.com.ar\/sitio\/wp-json\/wp\/v2\/media?parent=13033"}],"wp:term":[{"taxonomy":"category","embeddable":true,"href":"https:\/\/eldiariodesanpedro.com.ar\/sitio\/wp-json\/wp\/v2\/categories?post=13033"},{"taxonomy":"post_tag","embeddable":true,"href":"https:\/\/eldiariodesanpedro.com.ar\/sitio\/wp-json\/wp\/v2\/tags?post=13033"}],"curies":[{"name":"wp","href":"https:\/\/api.w.org\/{rel}","templated":true}]}}