{"id":13029,"date":"2017-01-18T19:19:45","date_gmt":"2017-01-18T22:19:45","guid":{"rendered":"https:\/\/eldiariodesanpedro.com.ar\/sitio\/?p=13029"},"modified":"2017-01-18T21:09:08","modified_gmt":"2017-01-19T00:09:08","slug":"hernan-contreras-asumio-como-nuevo-director-de-modernizacion","status":"publish","type":"post","link":"https:\/\/eldiariodesanpedro.com.ar\/sitio\/hernan-contreras-asumio-como-nuevo-director-de-modernizacion\/","title":{"rendered":"Hern\u00e1n Contreras asumi\u00f3 como nuevo Director de Modernizaci\u00f3n"},"content":{"rendered":"<p><!-- VideographyWP Plugin Message: Automatic video embedding prevented by plugin options. --><br \/>\nTal como se hab\u00eda adelantado, Contreras reemplaz\u00f3 a De Ruba luego que el intendente Salazar le pidiera la renuncia la semana pasada.<\/p>\n<p>El flamante funcionario dio el visto bueno al ofrecimiento que le realiz\u00f3 el mandatario comunal y cerca de las 20.00 del martes asumi\u00f3 a cargo del \u00e1rea, tras la reuni\u00f3n que se concret\u00f3 en el despacho y que cont\u00f3 adem\u00e1s con el acompa\u00f1amiento del secretario de Econom\u00eda y Hacienda, Mario S\u00e1nchez Negrete.<\/p>\n<p>Se desempe\u00f1aba como subdirector de Rentas, puesto que ir\u00e1 dejando de a poco para poder concretar una transici\u00f3n ordenada.<\/p>\n","protected":false},"excerpt":{"rendered":"<p>Tal como se hab\u00eda adelantado, Contreras reemplaz\u00f3 a De Ruba luego que el intendente Salazar le pidiera la renuncia la semana pasada. El flamante funcionario dio el visto bueno al ofrecimiento que le realiz\u00f3 el mandatario comunal y cerca de las 20.00 del martes asumi\u00f3 a cargo del \u00e1rea, tras la reuni\u00f3n que se concret\u00f3 [&hellip;]<\/p>\n","protected":false},"author":4,"featured_media":13030,"comment_status":"open","ping_status":"closed","sticky":false,"template":"","format":"standard","meta":{"om_disable_all_campaigns":false,"_jetpack_memberships_contains_paid_content":false,"footnotes":""},"categories":[50,2,102],"tags":[],"class_list":["post-13029","post","type-post","status-publish","format-standard","has-post-thumbnail","hentry","category-destacadas","category-locales","category-politica-locales"],"aioseo_notices":[],"gutentor_comment":0,"jetpack_featured_media_url":"https:\/\/eldiariodesanpedro.com.ar\/sitio\/wp-content\/uploads\/2017\/01\/Contreras-junto-a-Salazar-y-S\u00e1nchez-Negrete.jpg","jetpack_shortlink":"https:\/\/wp.me\/p6RhLt-3o9","jetpack_sharing_enabled":true,"_links":{"self":[{"href":"https:\/\/eldiariodesanpedro.com.ar\/sitio\/wp-json\/wp\/v2\/posts\/13029","targetHints":{"allow":["GET"]}}],"collection":[{"href":"https:\/\/eldiariodesanpedro.com.ar\/sitio\/wp-json\/wp\/v2\/posts"}],"about":[{"href":"https:\/\/eldiariodesanpedro.com.ar\/sitio\/wp-json\/wp\/v2\/types\/post"}],"author":[{"embeddable":true,"href":"https:\/\/eldiariodesanpedro.com.ar\/sitio\/wp-json\/wp\/v2\/users\/4"}],"replies":[{"embeddable":true,"href":"https:\/\/eldiariodesanpedro.com.ar\/sitio\/wp-json\/wp\/v2\/comments?post=13029"}],"version-history":[{"count":1,"href":"https:\/\/eldiariodesanpedro.com.ar\/sitio\/wp-json\/wp\/v2\/posts\/13029\/revisions"}],"predecessor-version":[{"id":13031,"href":"https:\/\/eldiariodesanpedro.com.ar\/sitio\/wp-json\/wp\/v2\/posts\/13029\/revisions\/13031"}],"wp:featuredmedia":[{"embeddable":true,"href":"https:\/\/eldiariodesanpedro.com.ar\/sitio\/wp-json\/wp\/v2\/media\/13030"}],"wp:attachment":[{"href":"https:\/\/eldiariodesanpedro.com.ar\/sitio\/wp-json\/wp\/v2\/media?parent=13029"}],"wp:term":[{"taxonomy":"category","embeddable":true,"href":"https:\/\/eldiariodesanpedro.com.ar\/sitio\/wp-json\/wp\/v2\/categories?post=13029"},{"taxonomy":"post_tag","embeddable":true,"href":"https:\/\/eldiariodesanpedro.com.ar\/sitio\/wp-json\/wp\/v2\/tags?post=13029"}],"curies":[{"name":"wp","href":"https:\/\/api.w.org\/{rel}","templated":true}]}}