{"id":13026,"date":"2017-01-18T09:00:22","date_gmt":"2017-01-18T12:00:22","guid":{"rendered":"https:\/\/eldiariodesanpedro.com.ar\/sitio\/?p=13026"},"modified":"2017-01-18T09:00:22","modified_gmt":"2017-01-18T12:00:22","slug":"la-municipalidad-recibio-un-nuevo-camion-volcador","status":"publish","type":"post","link":"https:\/\/eldiariodesanpedro.com.ar\/sitio\/la-municipalidad-recibio-un-nuevo-camion-volcador\/","title":{"rendered":"La municipalidad recibi\u00f3 un nuevo cami\u00f3n volcador"},"content":{"rendered":"<p><!-- VideographyWP Plugin Message: Automatic video embedding prevented by plugin options. --><br \/>\nEn el d\u00eda de hoy la municipalidad de San Pedro recibi\u00f3 por parte del Ministerio\u00a0de Medio Ambiente y Desarrollo Sustentable de la Naci\u00f3n un cami\u00f3n 0 kil\u00f3metro.<\/p>\n<p>El mismo es un cami\u00f3n marca Iveco, modelo Tector volcador, que se suma a la flota de veh\u00edculos de la Secetar\u00eda de Servicios P\u00fablicos.<\/p>\n","protected":false},"excerpt":{"rendered":"<p>En el d\u00eda de hoy la municipalidad de San Pedro recibi\u00f3 por parte del Ministerio\u00a0de Medio Ambiente y Desarrollo Sustentable de la Naci\u00f3n un cami\u00f3n 0 kil\u00f3metro. El mismo es un cami\u00f3n marca Iveco, modelo Tector volcador, que se suma a la flota de veh\u00edculos de la Secetar\u00eda de Servicios P\u00fablicos.<\/p>\n","protected":false},"author":4,"featured_media":13027,"comment_status":"open","ping_status":"closed","sticky":false,"template":"","format":"standard","meta":{"om_disable_all_campaigns":false,"_jetpack_memberships_contains_paid_content":false,"footnotes":""},"categories":[50,101,2],"tags":[],"class_list":["post-13026","post","type-post","status-publish","format-standard","has-post-thumbnail","hentry","category-destacadas","category-interes-general-locales","category-locales"],"aioseo_notices":[],"gutentor_comment":0,"jetpack_featured_media_url":"https:\/\/eldiariodesanpedro.com.ar\/sitio\/wp-content\/uploads\/2017\/01\/IMG-20170118-WA0003.jpg","jetpack_shortlink":"https:\/\/wp.me\/p6RhLt-3o6","jetpack_sharing_enabled":true,"_links":{"self":[{"href":"https:\/\/eldiariodesanpedro.com.ar\/sitio\/wp-json\/wp\/v2\/posts\/13026","targetHints":{"allow":["GET"]}}],"collection":[{"href":"https:\/\/eldiariodesanpedro.com.ar\/sitio\/wp-json\/wp\/v2\/posts"}],"about":[{"href":"https:\/\/eldiariodesanpedro.com.ar\/sitio\/wp-json\/wp\/v2\/types\/post"}],"author":[{"embeddable":true,"href":"https:\/\/eldiariodesanpedro.com.ar\/sitio\/wp-json\/wp\/v2\/users\/4"}],"replies":[{"embeddable":true,"href":"https:\/\/eldiariodesanpedro.com.ar\/sitio\/wp-json\/wp\/v2\/comments?post=13026"}],"version-history":[{"count":1,"href":"https:\/\/eldiariodesanpedro.com.ar\/sitio\/wp-json\/wp\/v2\/posts\/13026\/revisions"}],"predecessor-version":[{"id":13028,"href":"https:\/\/eldiariodesanpedro.com.ar\/sitio\/wp-json\/wp\/v2\/posts\/13026\/revisions\/13028"}],"wp:featuredmedia":[{"embeddable":true,"href":"https:\/\/eldiariodesanpedro.com.ar\/sitio\/wp-json\/wp\/v2\/media\/13027"}],"wp:attachment":[{"href":"https:\/\/eldiariodesanpedro.com.ar\/sitio\/wp-json\/wp\/v2\/media?parent=13026"}],"wp:term":[{"taxonomy":"category","embeddable":true,"href":"https:\/\/eldiariodesanpedro.com.ar\/sitio\/wp-json\/wp\/v2\/categories?post=13026"},{"taxonomy":"post_tag","embeddable":true,"href":"https:\/\/eldiariodesanpedro.com.ar\/sitio\/wp-json\/wp\/v2\/tags?post=13026"}],"curies":[{"name":"wp","href":"https:\/\/api.w.org\/{rel}","templated":true}]}}