{"id":13023,"date":"2017-01-18T08:54:01","date_gmt":"2017-01-18T11:54:01","guid":{"rendered":"https:\/\/eldiariodesanpedro.com.ar\/sitio\/?p=13023"},"modified":"2017-01-18T08:54:01","modified_gmt":"2017-01-18T11:54:01","slug":"un-discusion-con-amenazas-entre-empleados-de-coplac","status":"publish","type":"post","link":"https:\/\/eldiariodesanpedro.com.ar\/sitio\/un-discusion-con-amenazas-entre-empleados-de-coplac\/","title":{"rendered":"Un discusi\u00f3n con amenazas entre empleados de Coplac"},"content":{"rendered":"<p><!-- VideographyWP Plugin Message: Automatic video embedding prevented by plugin options. --><br \/>\nEn el d\u00eda de ayer se recibi\u00f3 en la comisar\u00eda local una denuncia por parte de un empleado de la empresa COPLAC la cual dice que el mismo se encontraba trabajando normalmente como coordinador de producci\u00f3n, y en un momento se le acerca un ex empleado de la empresa a quien a viva voz comienza a agredirlo y amenzarlo de muerte adem\u00e1s de tener intenciones de agredirlo f\u00edsicamente sin poder conseguirlo. El agresor se retiro del lugar y seg\u00fan confirm\u00f3 la v\u00edctima el problema viene de larga data a ra\u00edz de diferencias laborales.  <\/p>\n","protected":false},"excerpt":{"rendered":"<p>En el d\u00eda de ayer se recibi\u00f3 en la comisar\u00eda local una denuncia por parte de un empleado de la empresa COPLAC la cual dice que el mismo se encontraba trabajando normalmente como coordinador de producci\u00f3n, y en un momento se le acerca un ex empleado de la empresa a quien a viva voz comienza [&hellip;]<\/p>\n","protected":false},"author":4,"featured_media":13024,"comment_status":"open","ping_status":"closed","sticky":false,"template":"","format":"standard","meta":{"om_disable_all_campaigns":false,"_jetpack_memberships_contains_paid_content":false,"footnotes":""},"categories":[2,103],"tags":[],"class_list":["post-13023","post","type-post","status-publish","format-standard","has-post-thumbnail","hentry","category-locales","category-policiales-locales"],"aioseo_notices":[],"gutentor_comment":0,"jetpack_featured_media_url":"https:\/\/eldiariodesanpedro.com.ar\/sitio\/wp-content\/uploads\/2017\/01\/coplac.jpg","jetpack_shortlink":"https:\/\/wp.me\/p6RhLt-3o3","jetpack_sharing_enabled":true,"_links":{"self":[{"href":"https:\/\/eldiariodesanpedro.com.ar\/sitio\/wp-json\/wp\/v2\/posts\/13023","targetHints":{"allow":["GET"]}}],"collection":[{"href":"https:\/\/eldiariodesanpedro.com.ar\/sitio\/wp-json\/wp\/v2\/posts"}],"about":[{"href":"https:\/\/eldiariodesanpedro.com.ar\/sitio\/wp-json\/wp\/v2\/types\/post"}],"author":[{"embeddable":true,"href":"https:\/\/eldiariodesanpedro.com.ar\/sitio\/wp-json\/wp\/v2\/users\/4"}],"replies":[{"embeddable":true,"href":"https:\/\/eldiariodesanpedro.com.ar\/sitio\/wp-json\/wp\/v2\/comments?post=13023"}],"version-history":[{"count":1,"href":"https:\/\/eldiariodesanpedro.com.ar\/sitio\/wp-json\/wp\/v2\/posts\/13023\/revisions"}],"predecessor-version":[{"id":13025,"href":"https:\/\/eldiariodesanpedro.com.ar\/sitio\/wp-json\/wp\/v2\/posts\/13023\/revisions\/13025"}],"wp:featuredmedia":[{"embeddable":true,"href":"https:\/\/eldiariodesanpedro.com.ar\/sitio\/wp-json\/wp\/v2\/media\/13024"}],"wp:attachment":[{"href":"https:\/\/eldiariodesanpedro.com.ar\/sitio\/wp-json\/wp\/v2\/media?parent=13023"}],"wp:term":[{"taxonomy":"category","embeddable":true,"href":"https:\/\/eldiariodesanpedro.com.ar\/sitio\/wp-json\/wp\/v2\/categories?post=13023"},{"taxonomy":"post_tag","embeddable":true,"href":"https:\/\/eldiariodesanpedro.com.ar\/sitio\/wp-json\/wp\/v2\/tags?post=13023"}],"curies":[{"name":"wp","href":"https:\/\/api.w.org\/{rel}","templated":true}]}}