{"id":13021,"date":"2017-01-18T08:41:37","date_gmt":"2017-01-18T11:41:37","guid":{"rendered":"https:\/\/eldiariodesanpedro.com.ar\/sitio\/?p=13021"},"modified":"2017-01-18T08:41:37","modified_gmt":"2017-01-18T11:41:37","slug":"un-nuevo-caso-de-violencia-de-genero-2","status":"publish","type":"post","link":"https:\/\/eldiariodesanpedro.com.ar\/sitio\/un-nuevo-caso-de-violencia-de-genero-2\/","title":{"rendered":"Un nuevo caso de violencia de g\u00e9nero"},"content":{"rendered":"<p><!-- VideographyWP Plugin Message: Automatic video embedding prevented by plugin options. --><br \/>\nEn el d\u00eda de ayer en la intersecci\u00f3n de las calles Facundo Quiroga y Javier Rivero se llev\u00f3 a cabo un conflicto donde una mujer seria v\u00edctima de maltrato siendo agredida por un hombre mayor de edad, quien fue aprendido por personal policial. <\/p>\n<p>La mujer fue trasladada a la comisar\u00eda de la mujer y la familia donde recibi\u00f3 las atenciones necesaria ya que hab\u00eda recibido lesiones leves y por su parte el agresor fue alojado en la comisar\u00eda local. <\/p>\n","protected":false},"excerpt":{"rendered":"<p>En el d\u00eda de ayer en la intersecci\u00f3n de las calles Facundo Quiroga y Javier Rivero se llev\u00f3 a cabo un conflicto donde una mujer seria v\u00edctima de maltrato siendo agredida por un hombre mayor de edad, quien fue aprendido por personal policial. La mujer fue trasladada a la comisar\u00eda de la mujer y la [&hellip;]<\/p>\n","protected":false},"author":4,"featured_media":11680,"comment_status":"open","ping_status":"closed","sticky":false,"template":"","format":"standard","meta":{"om_disable_all_campaigns":false,"_jetpack_memberships_contains_paid_content":false,"footnotes":""},"categories":[2,103],"tags":[],"class_list":["post-13021","post","type-post","status-publish","format-standard","has-post-thumbnail","hentry","category-locales","category-policiales-locales"],"aioseo_notices":[],"gutentor_comment":0,"jetpack_featured_media_url":"https:\/\/eldiariodesanpedro.com.ar\/sitio\/wp-content\/uploads\/2016\/12\/violencia-de-genero.jpg","jetpack_shortlink":"https:\/\/wp.me\/p6RhLt-3o1","jetpack_sharing_enabled":true,"_links":{"self":[{"href":"https:\/\/eldiariodesanpedro.com.ar\/sitio\/wp-json\/wp\/v2\/posts\/13021","targetHints":{"allow":["GET"]}}],"collection":[{"href":"https:\/\/eldiariodesanpedro.com.ar\/sitio\/wp-json\/wp\/v2\/posts"}],"about":[{"href":"https:\/\/eldiariodesanpedro.com.ar\/sitio\/wp-json\/wp\/v2\/types\/post"}],"author":[{"embeddable":true,"href":"https:\/\/eldiariodesanpedro.com.ar\/sitio\/wp-json\/wp\/v2\/users\/4"}],"replies":[{"embeddable":true,"href":"https:\/\/eldiariodesanpedro.com.ar\/sitio\/wp-json\/wp\/v2\/comments?post=13021"}],"version-history":[{"count":1,"href":"https:\/\/eldiariodesanpedro.com.ar\/sitio\/wp-json\/wp\/v2\/posts\/13021\/revisions"}],"predecessor-version":[{"id":13022,"href":"https:\/\/eldiariodesanpedro.com.ar\/sitio\/wp-json\/wp\/v2\/posts\/13021\/revisions\/13022"}],"wp:featuredmedia":[{"embeddable":true,"href":"https:\/\/eldiariodesanpedro.com.ar\/sitio\/wp-json\/wp\/v2\/media\/11680"}],"wp:attachment":[{"href":"https:\/\/eldiariodesanpedro.com.ar\/sitio\/wp-json\/wp\/v2\/media?parent=13021"}],"wp:term":[{"taxonomy":"category","embeddable":true,"href":"https:\/\/eldiariodesanpedro.com.ar\/sitio\/wp-json\/wp\/v2\/categories?post=13021"},{"taxonomy":"post_tag","embeddable":true,"href":"https:\/\/eldiariodesanpedro.com.ar\/sitio\/wp-json\/wp\/v2\/tags?post=13021"}],"curies":[{"name":"wp","href":"https:\/\/api.w.org\/{rel}","templated":true}]}}