{"id":13005,"date":"2017-01-17T21:27:10","date_gmt":"2017-01-18T00:27:10","guid":{"rendered":"https:\/\/eldiariodesanpedro.com.ar\/sitio\/?p=13005"},"modified":"2026-01-23T23:20:58","modified_gmt":"2026-01-24T02:20:58","slug":"santa-fe-unas-1-000-familias-perdieron-todo-en-arroyo-seco-por-las-inundaciones","status":"publish","type":"post","link":"https:\/\/eldiariodesanpedro.com.ar\/sitio\/santa-fe-unas-1-000-familias-perdieron-todo-en-arroyo-seco-por-las-inundaciones\/","title":{"rendered":"SANTA FE: Unas 1.000 familias perdieron todo en Arroyo Seco por las inundaciones"},"content":{"rendered":"<p><!-- VideographyWP Plugin Message: Automatic video embedding prevented by plugin options. --><br \/>\n(NA\/T\u00e9lam) &#8211; Mientras la situaci\u00f3n clim\u00e1tica comenzaba a normalizarse en las zonas inundadas del sur de la provincia de Santa Fe, en Arroyo Seco, una de las localidades m\u00e1s castigadas, las autoridades se\u00f1alaron que alrededor de 1.000 familias hab\u00edan \u00abperdido todo\u00bb. <\/p>\n<p>   La situaci\u00f3n de desastre fue descrita por el secretario de Desarrollo local, Mart\u00edn Livolti, quien asegur\u00f3 que \u00abesas 1.000 familias han perdido su televisor, heladera, muebles y el trabajo de toda una vida. Incluso se han arruinado autom\u00f3viles tapados por el agua\u00bb. <\/p>\n<p>   Con la mejora del clima, la cantidad de evacuados se redujo a 200 de los 300 a los que se hab\u00eda llegado, pero la situaci\u00f3n sigue siendo complicada. <\/p>\n<p>   \u00abHemos estado trabajando con Protecci\u00f3n Civil de la provincia, coordinando las tareas y realizando relevamientos puntuales. Ayer recorr\u00edamos y asist\u00edamos en los barrios con productos de limpieza, alimentaci\u00f3n y colchones que llegaron de la provincia\u00bb, inform\u00f3 este martes a la ma\u00f1ana Livolti en declaraciones a la radio LT3. <\/p>\n<p>   El funcionario se\u00f1al\u00f3 que se contaba con informaci\u00f3n que indicaba que cayeron 410 mil\u00edmetros de agua en zonas rurales en apenas unas siete horas, por lo que concluy\u00f3 que las obras hidr\u00e1ulicas realizadas en la zona pudieron haber aliviado la situaci\u00f3n, aunque concluy\u00f3 que \u00ablas obras podr\u00edan haber aliviado, pero no hay obra que resista esa cantidad de agua en tan poco tiempo\u00bb.<\/p>\n<p>   Por otro lado, tambi\u00e9n apunt\u00f3 a la responsabilidad del sector rural al remarcar que \u00abel modelo sojero ha venido compactando la tierra y acercando las napas a la superficie\u00bb. <\/p>\n<p>   En ese sentido, pidi\u00f3 \u00abanalizar el tema de los suelos rurales, porque estamos padeciendo el modelo productivo sojero, que ha venido arrasando y compactando la tierra, acercando las napas de agua muy cerca de la superficie, que antes estaban a 10 metros y hoy a menos de un metro\u00bb.<\/p>\n<p> <strong>Buryaile dijo que hay que apurar \u00abobras y proyectos\u00bb para lograr una soluci\u00f3n de fondo <\/strong><\/p>\n<p>   El ministro de Agroindustria, Ricardo Buryaile, afirm\u00f3 que el agua \u00abdesagota de C\u00f3rdoba hacia Santa Fe, por lo que hay que apresurar el tratamiento obras y proyectos, porque estas cuestiones van a seguir pasando\u00bb, al referirse a las inundaciones que afectan a la regi\u00f3n pampeana.<\/p>\n<p>   Respecto del accionar del Gobierno nacional, el ministro explic\u00f3 que se est\u00e1 \u00abtrabajando con las dos provincias, Santa Fe y C\u00f3rdoba, en el canal San Antonio, que es una obra muy importante que se va a licitar en el pr\u00f3ximo mes y son 800 millones de pesos que va a invertir Naci\u00f3n y abarca a las dos provincias, con un plazo de duraci\u00f3n de 24 meses\u00bb.<\/p>\n<p>   En cuanto a las quejas de Santa Fe acerca de que el agua que anega su territorio viene de C\u00f3rdoba, el ministro expres\u00f3 que el lunes estuvo con productores en su visita a esa provincia y sostuvo que \u00abla desesperaci\u00f3n de ellos muchas veces hace que, sin una coordinaci\u00f3n adecuada, hagan canales tratando de sacarse el agua de arriba\u00bb.<\/p>\n<p>   Sobre este punto, dijo que \u00abeso es porque no hay una soluci\u00f3n de fondo, que es lo que tiene que aparecer; la desesperaci\u00f3n nos lleva a actuar individualmente y ac\u00e1 lo que tiene que aparecer es una visi\u00f3n colectiva\u00bb.<\/p>\n","protected":false},"excerpt":{"rendered":"<p>(NA\/T\u00e9lam) &#8211; Mientras la situaci\u00f3n clim\u00e1tica comenzaba a normalizarse en las zonas inundadas del sur de la provincia de Santa Fe, en Arroyo Seco, una de las localidades m\u00e1s castigadas, las autoridades se\u00f1alaron que alrededor de 1.000 familias hab\u00edan \u00abperdido todo\u00bb. La situaci\u00f3n de desastre fue descrita por el secretario de Desarrollo local, Mart\u00edn Livolti, [&hellip;]<\/p>\n","protected":false},"author":4,"featured_media":13006,"comment_status":"open","ping_status":"closed","sticky":false,"template":"","format":"standard","meta":{"om_disable_all_campaigns":false,"_jetpack_memberships_contains_paid_content":false,"footnotes":""},"categories":[3],"tags":[],"class_list":["post-13005","post","type-post","status-publish","format-standard","has-post-thumbnail","hentry","category-nacionales"],"aioseo_notices":[],"gutentor_comment":0,"jetpack_featured_media_url":"https:\/\/eldiariodesanpedro.com.ar\/sitio\/wp-content\/uploads\/2017\/01\/Santa-Fe.jpg","jetpack_shortlink":"https:\/\/wp.me\/p6RhLt-3nL","jetpack_sharing_enabled":true,"_links":{"self":[{"href":"https:\/\/eldiariodesanpedro.com.ar\/sitio\/wp-json\/wp\/v2\/posts\/13005","targetHints":{"allow":["GET"]}}],"collection":[{"href":"https:\/\/eldiariodesanpedro.com.ar\/sitio\/wp-json\/wp\/v2\/posts"}],"about":[{"href":"https:\/\/eldiariodesanpedro.com.ar\/sitio\/wp-json\/wp\/v2\/types\/post"}],"author":[{"embeddable":true,"href":"https:\/\/eldiariodesanpedro.com.ar\/sitio\/wp-json\/wp\/v2\/users\/4"}],"replies":[{"embeddable":true,"href":"https:\/\/eldiariodesanpedro.com.ar\/sitio\/wp-json\/wp\/v2\/comments?post=13005"}],"version-history":[{"count":1,"href":"https:\/\/eldiariodesanpedro.com.ar\/sitio\/wp-json\/wp\/v2\/posts\/13005\/revisions"}],"predecessor-version":[{"id":13008,"href":"https:\/\/eldiariodesanpedro.com.ar\/sitio\/wp-json\/wp\/v2\/posts\/13005\/revisions\/13008"}],"wp:featuredmedia":[{"embeddable":true,"href":"https:\/\/eldiariodesanpedro.com.ar\/sitio\/wp-json\/wp\/v2\/media\/13006"}],"wp:attachment":[{"href":"https:\/\/eldiariodesanpedro.com.ar\/sitio\/wp-json\/wp\/v2\/media?parent=13005"}],"wp:term":[{"taxonomy":"category","embeddable":true,"href":"https:\/\/eldiariodesanpedro.com.ar\/sitio\/wp-json\/wp\/v2\/categories?post=13005"},{"taxonomy":"post_tag","embeddable":true,"href":"https:\/\/eldiariodesanpedro.com.ar\/sitio\/wp-json\/wp\/v2\/tags?post=13005"}],"curies":[{"name":"wp","href":"https:\/\/api.w.org\/{rel}","templated":true}]}}