{"id":129276,"date":"2024-05-22T21:33:48","date_gmt":"2024-05-23T00:33:48","guid":{"rendered":"https:\/\/eldiariodesanpedro.com.ar\/sitio\/?p=129276"},"modified":"2024-05-22T21:33:51","modified_gmt":"2024-05-23T00:33:51","slug":"edicto-cambio-de-titularidad-de-klasse-eventos","status":"publish","type":"post","link":"https:\/\/eldiariodesanpedro.com.ar\/sitio\/edicto-cambio-de-titularidad-de-klasse-eventos\/","title":{"rendered":"Edicto cambio de titularidad de Klass\u00b4e Eventos"},"content":{"rendered":"<!-- VideographyWP Plugin Message: Automatic video embedding prevented by plugin options. -->\n\n<p>A partir del mes de junio el sal\u00f3n Klass\u2019e Eventos de la ciudad de Baradero con el n\u00famero de exp\/ habilitaci\u00f3n\u00a0 2001815\/2016f har\u00e1 el traspaso de titularidad de Franco Fiorito a Gasparetto Antonio.<\/p>\n\n\n\n<p>(Publicaci\u00f3n v\u00e1lida por los d\u00edas 22, 23 y 24 de mayo de 2024)<\/p>\n","protected":false},"excerpt":{"rendered":"<p>A partir del mes de junio el sal\u00f3n Klass\u2019e Eventos de la ciudad de Baradero con el n\u00famero de exp\/ habilitaci\u00f3n\u00a0 2001815\/2016f har\u00e1 el traspaso de titularidad de Franco Fiorito a Gasparetto Antonio. (Publicaci\u00f3n v\u00e1lida por los d\u00edas 22, 23 y 24 de mayo de 2024)<\/p>\n","protected":false},"author":4,"featured_media":102746,"comment_status":"closed","ping_status":"closed","sticky":false,"template":"","format":"standard","meta":{"om_disable_all_campaigns":false,"_jetpack_memberships_contains_paid_content":false,"footnotes":""},"categories":[676,1124],"tags":[],"class_list":["post-129276","post","type-post","status-publish","format-standard","has-post-thumbnail","hentry","category-edictos","category-edictos-especiales"],"aioseo_notices":[],"gutentor_comment":0,"jetpack_featured_media_url":"https:\/\/eldiariodesanpedro.com.ar\/sitio\/wp-content\/uploads\/2022\/01\/EDICTO.jpg","jetpack_shortlink":"https:\/\/wp.me\/p6RhLt-xD6","jetpack_sharing_enabled":true,"_links":{"self":[{"href":"https:\/\/eldiariodesanpedro.com.ar\/sitio\/wp-json\/wp\/v2\/posts\/129276","targetHints":{"allow":["GET"]}}],"collection":[{"href":"https:\/\/eldiariodesanpedro.com.ar\/sitio\/wp-json\/wp\/v2\/posts"}],"about":[{"href":"https:\/\/eldiariodesanpedro.com.ar\/sitio\/wp-json\/wp\/v2\/types\/post"}],"author":[{"embeddable":true,"href":"https:\/\/eldiariodesanpedro.com.ar\/sitio\/wp-json\/wp\/v2\/users\/4"}],"replies":[{"embeddable":true,"href":"https:\/\/eldiariodesanpedro.com.ar\/sitio\/wp-json\/wp\/v2\/comments?post=129276"}],"version-history":[{"count":1,"href":"https:\/\/eldiariodesanpedro.com.ar\/sitio\/wp-json\/wp\/v2\/posts\/129276\/revisions"}],"predecessor-version":[{"id":129277,"href":"https:\/\/eldiariodesanpedro.com.ar\/sitio\/wp-json\/wp\/v2\/posts\/129276\/revisions\/129277"}],"wp:featuredmedia":[{"embeddable":true,"href":"https:\/\/eldiariodesanpedro.com.ar\/sitio\/wp-json\/wp\/v2\/media\/102746"}],"wp:attachment":[{"href":"https:\/\/eldiariodesanpedro.com.ar\/sitio\/wp-json\/wp\/v2\/media?parent=129276"}],"wp:term":[{"taxonomy":"category","embeddable":true,"href":"https:\/\/eldiariodesanpedro.com.ar\/sitio\/wp-json\/wp\/v2\/categories?post=129276"},{"taxonomy":"post_tag","embeddable":true,"href":"https:\/\/eldiariodesanpedro.com.ar\/sitio\/wp-json\/wp\/v2\/tags?post=129276"}],"curies":[{"name":"wp","href":"https:\/\/api.w.org\/{rel}","templated":true}]}}