{"id":129271,"date":"2024-05-22T21:02:59","date_gmt":"2024-05-23T00:02:59","guid":{"rendered":"https:\/\/eldiariodesanpedro.com.ar\/sitio\/?p=129271"},"modified":"2024-05-22T21:03:00","modified_gmt":"2024-05-23T00:03:00","slug":"el-refugio-san-pedro-denuncia-el-robo-de-galgos-de-sus-instalaciones","status":"publish","type":"post","link":"https:\/\/eldiariodesanpedro.com.ar\/sitio\/el-refugio-san-pedro-denuncia-el-robo-de-galgos-de-sus-instalaciones\/","title":{"rendered":"El Refugio San Pedro denuncia el robo de galgos de sus instalaciones"},"content":{"rendered":"<!-- VideographyWP Plugin Message: Automatic video embedding prevented by plugin options. -->\n\n<p><strong>\u00abEl Refugio\u00bb de animales<\/strong>, ha denunciado el&nbsp;<strong>robo de varios galgos<\/strong>&nbsp;y la<strong>&nbsp;intrusi\u00f3n reiterada de menores enviados por adultos para cometer el il\u00edcito.<\/strong>&nbsp;Desde sus redes manifestaron que la situaci\u00f3n se agrava con amenazas de represalias y la intervenci\u00f3n insuficiente de las autoridades, dejando al Refugio y sus defensores en una posici\u00f3n vulnerable.<\/p>\n\n\n\n<p>En Instagram contaron sobre lo sucedido:<em>&nbsp;\u00abAtigrado es uno de los galgos que nos robaron. Tiene las orejas cortadas. No est\u00e1 castrado, porque a\u00fan deb\u00edamos recuperarlo para que pudiera afrontar la cirug\u00eda.<\/em><\/p>\n\n\n\n<p><em>Adem\u00e1s, nos hab\u00edan robado a Juan Cruz, a Mar\u00eda y a la China. Ya est\u00e1n de vuelta. Se tomaron la molestia de devolverlos ayer por la tarde.<\/em><\/p>\n\n\n\n<p><em>Ya sabemos quienes son. Ayer tuvimos que llamar a la polic\u00eda porque volvieron a entrar para llevarse m\u00e1s galgos que le \u00absirvieran\u00bb. Sabes que es lo m\u00e1s triste? Eran todos ni\u00f1os mandados por quienes tienen que protegerlos.<\/em><br><em>2 mayores hac\u00edan de campana mientras los ni\u00f1os entraron al predio, hicieron destrozos y se robaron m\u00e1s cosas.<\/em><\/p>\n\n\n\n<p><em>Luego, tuvimos que lidiar con la situaci\u00f3n de la madre de un menor de 9 a\u00f1os que vino al Refugio a decir que \u00absecuestramos a su hijo\u00bb. Es verdad que los seguimos lo m\u00e1s que pudimos para saber de donde eran. Pero no vamos a lastimar a nadie. Se\u00f1ora, haga las cosas bien con su hijo. A los 9 a\u00f1os ya est\u00e1 robando.<\/em><\/p>\n\n\n\n<p><em>La denuncia, no la pudimos hacer. Horas y horas esperando para que digan que no pueden hacer nada porque son menores. Incre\u00edble. Pero ya se van a acercar nuestras abogadas, porque son muchas cosas.<\/em><\/p>\n\n\n\n<p><em>Ahora tenemos miedo que tomen mayores represalias. Fueron varias personas que fueron a agredir a la puerta del predio. No les import\u00f3 siquiera que estuviera la polic\u00eda presente.<\/em><\/p>\n\n\n\n<p><em>Estamos muy solos en muchos aspectos. Si no fuera por nuestros vecinos, no nos enter\u00e1bamos de que estaban dentro del Refugio. Robarles a los que menos tienen.<\/em><br><em>Tenemos que sacar a todos los galgos que tenemos de ah\u00ed, porque van a seguir yendo. No es la primera vez.<\/em><\/p>\n\n\n\n<p><em>Los galgos que llegan al refugio, est\u00e1n reventados. De verdad se los decimos. Tratamos de hacer lo mejor para ellos. Pero alguna que otra secuela del amor galguero, siempre les queda.<\/em><\/p>\n\n\n\n<p><em>Ay\u00fadanos a conseguir tr\u00e1nsitos o adopciones para todos ellos. En estos d\u00edas vamos a ir subiendo fotos.<\/em><br><em>Pero mientras tanto, si lo ves a Atigrado, te pedimos nos avises\u00bb.<\/em><\/p>\n","protected":false},"excerpt":{"rendered":"<p>\u00abEl Refugio\u00bb de animales, ha denunciado el&nbsp;robo de varios galgos&nbsp;y la&nbsp;intrusi\u00f3n reiterada de menores enviados por adultos para cometer el il\u00edcito.&nbsp;Desde sus redes manifestaron que la situaci\u00f3n se agrava con amenazas de represalias y la intervenci\u00f3n insuficiente de las autoridades, dejando al Refugio y sus defensores en una posici\u00f3n vulnerable. En Instagram contaron sobre lo [&hellip;]<\/p>\n","protected":false},"author":4,"featured_media":129272,"comment_status":"closed","ping_status":"closed","sticky":false,"template":"","format":"standard","meta":{"om_disable_all_campaigns":false,"_jetpack_memberships_contains_paid_content":false,"footnotes":""},"categories":[50,101,2],"tags":[],"class_list":["post-129271","post","type-post","status-publish","format-standard","has-post-thumbnail","hentry","category-destacadas","category-interes-general-locales","category-locales"],"aioseo_notices":[],"gutentor_comment":0,"jetpack_featured_media_url":"https:\/\/eldiariodesanpedro.com.ar\/sitio\/wp-content\/uploads\/2024\/05\/galgo-refugio.jpg","jetpack_shortlink":"https:\/\/wp.me\/p6RhLt-xD1","jetpack_sharing_enabled":true,"_links":{"self":[{"href":"https:\/\/eldiariodesanpedro.com.ar\/sitio\/wp-json\/wp\/v2\/posts\/129271","targetHints":{"allow":["GET"]}}],"collection":[{"href":"https:\/\/eldiariodesanpedro.com.ar\/sitio\/wp-json\/wp\/v2\/posts"}],"about":[{"href":"https:\/\/eldiariodesanpedro.com.ar\/sitio\/wp-json\/wp\/v2\/types\/post"}],"author":[{"embeddable":true,"href":"https:\/\/eldiariodesanpedro.com.ar\/sitio\/wp-json\/wp\/v2\/users\/4"}],"replies":[{"embeddable":true,"href":"https:\/\/eldiariodesanpedro.com.ar\/sitio\/wp-json\/wp\/v2\/comments?post=129271"}],"version-history":[{"count":1,"href":"https:\/\/eldiariodesanpedro.com.ar\/sitio\/wp-json\/wp\/v2\/posts\/129271\/revisions"}],"predecessor-version":[{"id":129273,"href":"https:\/\/eldiariodesanpedro.com.ar\/sitio\/wp-json\/wp\/v2\/posts\/129271\/revisions\/129273"}],"wp:featuredmedia":[{"embeddable":true,"href":"https:\/\/eldiariodesanpedro.com.ar\/sitio\/wp-json\/wp\/v2\/media\/129272"}],"wp:attachment":[{"href":"https:\/\/eldiariodesanpedro.com.ar\/sitio\/wp-json\/wp\/v2\/media?parent=129271"}],"wp:term":[{"taxonomy":"category","embeddable":true,"href":"https:\/\/eldiariodesanpedro.com.ar\/sitio\/wp-json\/wp\/v2\/categories?post=129271"},{"taxonomy":"post_tag","embeddable":true,"href":"https:\/\/eldiariodesanpedro.com.ar\/sitio\/wp-json\/wp\/v2\/tags?post=129271"}],"curies":[{"name":"wp","href":"https:\/\/api.w.org\/{rel}","templated":true}]}}