{"id":128105,"date":"2024-04-20T17:05:24","date_gmt":"2024-04-20T20:05:24","guid":{"rendered":"https:\/\/eldiariodesanpedro.com.ar\/sitio\/?p=128105"},"modified":"2026-01-24T00:53:11","modified_gmt":"2026-01-24T03:53:11","slug":"fallecio-monica-graciela-villalba-de-58-anos-de-edad","status":"publish","type":"post","link":"https:\/\/eldiariodesanpedro.com.ar\/sitio\/fallecio-monica-graciela-villalba-de-58-anos-de-edad\/","title":{"rendered":"Falleci\u00f3 M\u00f3nica Graciela Villalba de 58 a\u00f1os de edad"},"content":{"rendered":"<!-- VideographyWP Plugin Message: Automatic video embedding prevented by plugin options. -->\n\n<p>Se informa el fallecimiento de M\u00f3nica Graciela Villalba de 58 a\u00f1os de edad, su velatorio se realizar\u00e1 este sabado 20 de abril en la sala velatorio N\u00ba 4 de Coopser San Pedro, y sus restos ser\u00e1n hinumados el mismo d\u00eda a las 10 hs en el cementerio municipal.-<\/p>\n","protected":false},"excerpt":{"rendered":"<p>Se informa el fallecimiento de M\u00f3nica Graciela Villalba de 58 a\u00f1os de edad, su velatorio se realizar\u00e1 este sabado 20 de abril en la sala velatorio N\u00ba 4 de Coopser San Pedro, y sus restos ser\u00e1n hinumados el mismo d\u00eda a las 10 hs en el cementerio municipal.-<\/p>\n","protected":false},"author":4,"featured_media":113757,"comment_status":"closed","ping_status":"closed","sticky":false,"template":"","format":"standard","meta":{"om_disable_all_campaigns":false,"_jetpack_memberships_contains_paid_content":false,"footnotes":""},"categories":[8424],"tags":[],"class_list":["post-128105","post","type-post","status-publish","format-standard","has-post-thumbnail","hentry","category-necrologicas"],"aioseo_notices":[],"gutentor_comment":0,"jetpack_featured_media_url":"https:\/\/eldiariodesanpedro.com.ar\/sitio\/wp-content\/uploads\/2023\/01\/necrologicas.jpg","jetpack_shortlink":"https:\/\/wp.me\/p6RhLt-xkd","jetpack_sharing_enabled":true,"_links":{"self":[{"href":"https:\/\/eldiariodesanpedro.com.ar\/sitio\/wp-json\/wp\/v2\/posts\/128105","targetHints":{"allow":["GET"]}}],"collection":[{"href":"https:\/\/eldiariodesanpedro.com.ar\/sitio\/wp-json\/wp\/v2\/posts"}],"about":[{"href":"https:\/\/eldiariodesanpedro.com.ar\/sitio\/wp-json\/wp\/v2\/types\/post"}],"author":[{"embeddable":true,"href":"https:\/\/eldiariodesanpedro.com.ar\/sitio\/wp-json\/wp\/v2\/users\/4"}],"replies":[{"embeddable":true,"href":"https:\/\/eldiariodesanpedro.com.ar\/sitio\/wp-json\/wp\/v2\/comments?post=128105"}],"version-history":[{"count":1,"href":"https:\/\/eldiariodesanpedro.com.ar\/sitio\/wp-json\/wp\/v2\/posts\/128105\/revisions"}],"predecessor-version":[{"id":128106,"href":"https:\/\/eldiariodesanpedro.com.ar\/sitio\/wp-json\/wp\/v2\/posts\/128105\/revisions\/128106"}],"wp:featuredmedia":[{"embeddable":true,"href":"https:\/\/eldiariodesanpedro.com.ar\/sitio\/wp-json\/wp\/v2\/media\/113757"}],"wp:attachment":[{"href":"https:\/\/eldiariodesanpedro.com.ar\/sitio\/wp-json\/wp\/v2\/media?parent=128105"}],"wp:term":[{"taxonomy":"category","embeddable":true,"href":"https:\/\/eldiariodesanpedro.com.ar\/sitio\/wp-json\/wp\/v2\/categories?post=128105"},{"taxonomy":"post_tag","embeddable":true,"href":"https:\/\/eldiariodesanpedro.com.ar\/sitio\/wp-json\/wp\/v2\/tags?post=128105"}],"curies":[{"name":"wp","href":"https:\/\/api.w.org\/{rel}","templated":true}]}}