{"id":128101,"date":"2024-04-19T14:17:25","date_gmt":"2024-04-19T17:17:25","guid":{"rendered":"https:\/\/eldiariodesanpedro.com.ar\/sitio\/?p=128101"},"modified":"2026-01-24T00:53:11","modified_gmt":"2026-01-24T03:53:11","slug":"fallecio-jose-angel-taurizano-de-76-anos-de-edad","status":"publish","type":"post","link":"https:\/\/eldiariodesanpedro.com.ar\/sitio\/fallecio-jose-angel-taurizano-de-76-anos-de-edad\/","title":{"rendered":"Falleci\u00f3 Jos\u00e9 \u00c1ngel Taurizano de 76 a\u00f1os de edad"},"content":{"rendered":"<!-- VideographyWP Plugin Message: Automatic video embedding prevented by plugin options. -->\n\n<p>Se informa el fallecimiento de Jos\u00e9 \u00c1ngel Taurizano de 76 a\u00f1os de edad, su velatorio se realizar\u00e1 este sabado 20 de abril en la sala velatorio N\u00ba 2 de Coopser San Pedro, y sus restos ser\u00e1n inhumados el mismo d\u00eda a las 09 hs en el cementerio local.-<\/p>\n","protected":false},"excerpt":{"rendered":"<p>Se informa el fallecimiento de Jos\u00e9 \u00c1ngel Taurizano de 76 a\u00f1os de edad, su velatorio se realizar\u00e1 este sabado 20 de abril en la sala velatorio N\u00ba 2 de Coopser San Pedro, y sus restos ser\u00e1n inhumados el mismo d\u00eda a las 09 hs en el cementerio local.-<\/p>\n","protected":false},"author":4,"featured_media":113757,"comment_status":"closed","ping_status":"closed","sticky":false,"template":"","format":"standard","meta":{"om_disable_all_campaigns":false,"_jetpack_memberships_contains_paid_content":false,"footnotes":""},"categories":[8424],"tags":[],"class_list":["post-128101","post","type-post","status-publish","format-standard","has-post-thumbnail","hentry","category-necrologicas"],"aioseo_notices":[],"gutentor_comment":0,"jetpack_featured_media_url":"https:\/\/eldiariodesanpedro.com.ar\/sitio\/wp-content\/uploads\/2023\/01\/necrologicas.jpg","jetpack_shortlink":"https:\/\/wp.me\/p6RhLt-xk9","jetpack_sharing_enabled":true,"_links":{"self":[{"href":"https:\/\/eldiariodesanpedro.com.ar\/sitio\/wp-json\/wp\/v2\/posts\/128101","targetHints":{"allow":["GET"]}}],"collection":[{"href":"https:\/\/eldiariodesanpedro.com.ar\/sitio\/wp-json\/wp\/v2\/posts"}],"about":[{"href":"https:\/\/eldiariodesanpedro.com.ar\/sitio\/wp-json\/wp\/v2\/types\/post"}],"author":[{"embeddable":true,"href":"https:\/\/eldiariodesanpedro.com.ar\/sitio\/wp-json\/wp\/v2\/users\/4"}],"replies":[{"embeddable":true,"href":"https:\/\/eldiariodesanpedro.com.ar\/sitio\/wp-json\/wp\/v2\/comments?post=128101"}],"version-history":[{"count":1,"href":"https:\/\/eldiariodesanpedro.com.ar\/sitio\/wp-json\/wp\/v2\/posts\/128101\/revisions"}],"predecessor-version":[{"id":128102,"href":"https:\/\/eldiariodesanpedro.com.ar\/sitio\/wp-json\/wp\/v2\/posts\/128101\/revisions\/128102"}],"wp:featuredmedia":[{"embeddable":true,"href":"https:\/\/eldiariodesanpedro.com.ar\/sitio\/wp-json\/wp\/v2\/media\/113757"}],"wp:attachment":[{"href":"https:\/\/eldiariodesanpedro.com.ar\/sitio\/wp-json\/wp\/v2\/media?parent=128101"}],"wp:term":[{"taxonomy":"category","embeddable":true,"href":"https:\/\/eldiariodesanpedro.com.ar\/sitio\/wp-json\/wp\/v2\/categories?post=128101"},{"taxonomy":"post_tag","embeddable":true,"href":"https:\/\/eldiariodesanpedro.com.ar\/sitio\/wp-json\/wp\/v2\/tags?post=128101"}],"curies":[{"name":"wp","href":"https:\/\/api.w.org\/{rel}","templated":true}]}}