{"id":128099,"date":"2024-04-19T14:01:45","date_gmt":"2024-04-19T17:01:45","guid":{"rendered":"https:\/\/eldiariodesanpedro.com.ar\/sitio\/?p=128099"},"modified":"2024-04-19T14:01:47","modified_gmt":"2024-04-19T17:01:47","slug":"consultas-sobre-el-inicio-y-renovacion-del-certificado-unico-de-discapacidad-cud-en-el-centro-integrador-comunitario-c-i-c","status":"publish","type":"post","link":"https:\/\/eldiariodesanpedro.com.ar\/sitio\/consultas-sobre-el-inicio-y-renovacion-del-certificado-unico-de-discapacidad-cud-en-el-centro-integrador-comunitario-c-i-c\/","title":{"rendered":"Consultas sobre el inicio y renovaci\u00f3n del Certificado \u00danico de Discapacidad (CUD) en el Centro Integrador Comunitario (C.I.C)"},"content":{"rendered":"<!-- VideographyWP Plugin Message: Automatic video embedding prevented by plugin options. -->\n\n<p>El \u00e1rea de Discapacidad de la Secretar\u00eda de Desarrollo de la Comunidad informa que se llevar\u00e1 a cabo una jornada para consultas sobre el inicio y renovaci\u00f3n del CUD (Certificado \u00danico de Discapacidad) en el Centro Integrador Comunitario (C.I.C.) ubicado en Hermano Indio y Casella el mi\u00e9rcoles 24 de abril a partir de las 8.30 horas<\/p>\n","protected":false},"excerpt":{"rendered":"<p>El \u00e1rea de Discapacidad de la Secretar\u00eda de Desarrollo de la Comunidad informa que se llevar\u00e1 a cabo una jornada para consultas sobre el inicio y renovaci\u00f3n del CUD (Certificado \u00danico de Discapacidad) en el Centro Integrador Comunitario (C.I.C.) ubicado en Hermano Indio y Casella el mi\u00e9rcoles 24 de abril a partir de las 8.30 [&hellip;]<\/p>\n","protected":false},"author":4,"featured_media":104094,"comment_status":"closed","ping_status":"closed","sticky":false,"template":"","format":"standard","meta":{"om_disable_all_campaigns":false,"_jetpack_memberships_contains_paid_content":false,"footnotes":""},"categories":[101,2],"tags":[600],"class_list":["post-128099","post","type-post","status-publish","format-standard","has-post-thumbnail","hentry","category-interes-general-locales","category-locales","tag-cic"],"aioseo_notices":[],"gutentor_comment":0,"jetpack_featured_media_url":"https:\/\/eldiariodesanpedro.com.ar\/sitio\/wp-content\/uploads\/2022\/02\/cic_0-741x400-1.jpg","jetpack_shortlink":"https:\/\/wp.me\/p6RhLt-xk7","jetpack_sharing_enabled":true,"_links":{"self":[{"href":"https:\/\/eldiariodesanpedro.com.ar\/sitio\/wp-json\/wp\/v2\/posts\/128099","targetHints":{"allow":["GET"]}}],"collection":[{"href":"https:\/\/eldiariodesanpedro.com.ar\/sitio\/wp-json\/wp\/v2\/posts"}],"about":[{"href":"https:\/\/eldiariodesanpedro.com.ar\/sitio\/wp-json\/wp\/v2\/types\/post"}],"author":[{"embeddable":true,"href":"https:\/\/eldiariodesanpedro.com.ar\/sitio\/wp-json\/wp\/v2\/users\/4"}],"replies":[{"embeddable":true,"href":"https:\/\/eldiariodesanpedro.com.ar\/sitio\/wp-json\/wp\/v2\/comments?post=128099"}],"version-history":[{"count":1,"href":"https:\/\/eldiariodesanpedro.com.ar\/sitio\/wp-json\/wp\/v2\/posts\/128099\/revisions"}],"predecessor-version":[{"id":128100,"href":"https:\/\/eldiariodesanpedro.com.ar\/sitio\/wp-json\/wp\/v2\/posts\/128099\/revisions\/128100"}],"wp:featuredmedia":[{"embeddable":true,"href":"https:\/\/eldiariodesanpedro.com.ar\/sitio\/wp-json\/wp\/v2\/media\/104094"}],"wp:attachment":[{"href":"https:\/\/eldiariodesanpedro.com.ar\/sitio\/wp-json\/wp\/v2\/media?parent=128099"}],"wp:term":[{"taxonomy":"category","embeddable":true,"href":"https:\/\/eldiariodesanpedro.com.ar\/sitio\/wp-json\/wp\/v2\/categories?post=128099"},{"taxonomy":"post_tag","embeddable":true,"href":"https:\/\/eldiariodesanpedro.com.ar\/sitio\/wp-json\/wp\/v2\/tags?post=128099"}],"curies":[{"name":"wp","href":"https:\/\/api.w.org\/{rel}","templated":true}]}}