{"id":127704,"date":"2024-04-09T10:47:56","date_gmt":"2024-04-09T13:47:56","guid":{"rendered":"https:\/\/eldiariodesanpedro.com.ar\/sitio\/?p=127704"},"modified":"2024-04-09T10:47:58","modified_gmt":"2024-04-09T13:47:58","slug":"segundo-dia-de-amenazas-de-bombas-que-paralizan-las-actividades-en-san-pedro","status":"publish","type":"post","link":"https:\/\/eldiariodesanpedro.com.ar\/sitio\/segundo-dia-de-amenazas-de-bombas-que-paralizan-las-actividades-en-san-pedro\/","title":{"rendered":"Segundo dia de amenazas de bombas que paralizan las actividades en San Pedro"},"content":{"rendered":"<!-- VideographyWP Plugin Message: Automatic video embedding prevented by plugin options. -->\n\n<p>Por segundo d\u00eda consecutivo, la ciudad de San Pedro amaneci\u00f3 con la  noticia de amenazas de bombas, lo que ha llevado a la suspensi\u00f3n de clases en varias instituciones educativas y ha generado una atm\u00f3sfera de preocupaci\u00f3n en la comunidad.<\/p>\n\n\n\n<p>Las intimidaciones han obligado a la suspensi\u00f3n de clases en toda la unidad acad\u00e9mica de la Escuela Normal, el Colegio Nuestra Se\u00f1ora del Socorro, San Francisco de As\u00eds, T\u00e9cnica, Jard\u00edn 901, Escuela Especial 502, as\u00ed como en las Primarias 27, 6 y 3, y en las Secundarias 5 de Mataderos y 13 de Barrio Banfield, entre otras ubicadas en distintas localidades.<\/p>\n\n\n\n<p>Adem\u00e1s de las escuelas, la amenaza tambi\u00e9n ha alcanzado a entidades bancarias, como el Banco Provincia, Santander y Franc\u00e9s, as\u00ed como a la Biblioteca Popular Rafael Obligado, aunque esta \u00faltima permanec\u00eda cerrada por la ma\u00f1ana.<\/p>\n\n\n\n<p>La tensi\u00f3n aument\u00f3 cuando, pasadas las 9 de la ma\u00f1ana, se recibieron nuevas amenazas que inclu\u00edan a la municipalidad de San Pedro, Obras P\u00fablicas y otros organismos locales.<\/p>\n\n\n\n<p>Ante esta situaci\u00f3n, aproximadamente a las 11 de la ma\u00f1ana, la brigada de explosivos de San Nicol\u00e1s se desplaz\u00f3 hasta San Pedro para llevar a cabo la revisi\u00f3n de los bancos mencionados y posteriormente inspeccionar las instituciones educativas afectadas.<\/p>\n\n\n\n<p>Las autoridades locales han instado a la poblaci\u00f3n a mantener la calma y cooperar con las medidas de seguridad implementadas, mientras se trabaja en esclarecer el origen y la veracidad de estas amenazas que han generado un clima de incertidumbre en la ciudad.<\/p>\n","protected":false},"excerpt":{"rendered":"<p>Por segundo d\u00eda consecutivo, la ciudad de San Pedro amaneci\u00f3 con la noticia de amenazas de bombas, lo que ha llevado a la suspensi\u00f3n de clases en varias instituciones educativas y ha generado una atm\u00f3sfera de preocupaci\u00f3n en la comunidad. Las intimidaciones han obligado a la suspensi\u00f3n de clases en toda la unidad acad\u00e9mica de [&hellip;]<\/p>\n","protected":false},"author":4,"featured_media":127705,"comment_status":"closed","ping_status":"closed","sticky":false,"template":"","format":"standard","meta":{"om_disable_all_campaigns":false,"_jetpack_memberships_contains_paid_content":false,"footnotes":""},"categories":[50,2,103],"tags":[],"class_list":["post-127704","post","type-post","status-publish","format-standard","has-post-thumbnail","hentry","category-destacadas","category-locales","category-policiales-locales"],"aioseo_notices":[],"gutentor_comment":0,"jetpack_featured_media_url":"https:\/\/eldiariodesanpedro.com.ar\/sitio\/wp-content\/uploads\/2024\/04\/image.jpg","jetpack_shortlink":"https:\/\/wp.me\/p6RhLt-xdK","jetpack_sharing_enabled":true,"_links":{"self":[{"href":"https:\/\/eldiariodesanpedro.com.ar\/sitio\/wp-json\/wp\/v2\/posts\/127704","targetHints":{"allow":["GET"]}}],"collection":[{"href":"https:\/\/eldiariodesanpedro.com.ar\/sitio\/wp-json\/wp\/v2\/posts"}],"about":[{"href":"https:\/\/eldiariodesanpedro.com.ar\/sitio\/wp-json\/wp\/v2\/types\/post"}],"author":[{"embeddable":true,"href":"https:\/\/eldiariodesanpedro.com.ar\/sitio\/wp-json\/wp\/v2\/users\/4"}],"replies":[{"embeddable":true,"href":"https:\/\/eldiariodesanpedro.com.ar\/sitio\/wp-json\/wp\/v2\/comments?post=127704"}],"version-history":[{"count":1,"href":"https:\/\/eldiariodesanpedro.com.ar\/sitio\/wp-json\/wp\/v2\/posts\/127704\/revisions"}],"predecessor-version":[{"id":127706,"href":"https:\/\/eldiariodesanpedro.com.ar\/sitio\/wp-json\/wp\/v2\/posts\/127704\/revisions\/127706"}],"wp:featuredmedia":[{"embeddable":true,"href":"https:\/\/eldiariodesanpedro.com.ar\/sitio\/wp-json\/wp\/v2\/media\/127705"}],"wp:attachment":[{"href":"https:\/\/eldiariodesanpedro.com.ar\/sitio\/wp-json\/wp\/v2\/media?parent=127704"}],"wp:term":[{"taxonomy":"category","embeddable":true,"href":"https:\/\/eldiariodesanpedro.com.ar\/sitio\/wp-json\/wp\/v2\/categories?post=127704"},{"taxonomy":"post_tag","embeddable":true,"href":"https:\/\/eldiariodesanpedro.com.ar\/sitio\/wp-json\/wp\/v2\/tags?post=127704"}],"curies":[{"name":"wp","href":"https:\/\/api.w.org\/{rel}","templated":true}]}}