{"id":127692,"date":"2024-04-08T21:02:56","date_gmt":"2024-04-09T00:02:56","guid":{"rendered":"https:\/\/eldiariodesanpedro.com.ar\/sitio\/?p=127692"},"modified":"2024-04-08T21:33:28","modified_gmt":"2024-04-09T00:33:28","slug":"edicto-de-sepulcro-de-parodi-juan-alberto-del-cementerio-de-baradero","status":"publish","type":"post","link":"https:\/\/eldiariodesanpedro.com.ar\/sitio\/edicto-de-sepulcro-de-parodi-juan-alberto-del-cementerio-de-baradero\/","title":{"rendered":"Edicto de Sepulcro de Parodi Juan Alberto del Cementerio de Baradero"},"content":{"rendered":"<!-- VideographyWP Plugin Message: Automatic video embedding prevented by plugin options. -->\n\n<p>Municipalidad de Baradero cita y emplaza por treinta (30) d\u00edas a quienes se consideren con el derecho sobre el sepulcro ubicado en la Secci\u00f3n A Bis. Tabl\u00f3n 4, Lote 24 Cuenta: 1900003870 cuya titularidad figura a nombre del Sr. Parodi Juan Alberto seg\u00fan consta en el libro 12, Folio 161, del Cementerio Local.-<\/p>\n\n\n\n<p>Publicaci\u00f3n v\u00e1lida por los d\u00edas 08 y 09 de abril de 2024)<\/p>\n","protected":false},"excerpt":{"rendered":"<p>Municipalidad de Baradero cita y emplaza por treinta (30) d\u00edas a quienes se consideren con el derecho sobre el sepulcro ubicado en la Secci\u00f3n A Bis. Tabl\u00f3n 4, Lote 24 Cuenta: 1900003870 cuya titularidad figura a nombre del Sr. Parodi Juan Alberto seg\u00fan consta en el libro 12, Folio 161, del Cementerio Local.- Publicaci\u00f3n v\u00e1lida [&hellip;]<\/p>\n","protected":false},"author":4,"featured_media":102746,"comment_status":"closed","ping_status":"closed","sticky":false,"template":"","format":"standard","meta":{"om_disable_all_campaigns":false,"_jetpack_memberships_contains_paid_content":false,"footnotes":""},"categories":[676,1124],"tags":[4843],"class_list":["post-127692","post","type-post","status-publish","format-standard","has-post-thumbnail","hentry","category-edictos","category-edictos-especiales","tag-edicto-de-sepulcro-de-parodi-juan-alberto-del-cementerio-de-baradero"],"aioseo_notices":[],"gutentor_comment":0,"jetpack_featured_media_url":"https:\/\/eldiariodesanpedro.com.ar\/sitio\/wp-content\/uploads\/2022\/01\/EDICTO.jpg","jetpack_shortlink":"https:\/\/wp.me\/p6RhLt-xdy","jetpack_sharing_enabled":true,"_links":{"self":[{"href":"https:\/\/eldiariodesanpedro.com.ar\/sitio\/wp-json\/wp\/v2\/posts\/127692","targetHints":{"allow":["GET"]}}],"collection":[{"href":"https:\/\/eldiariodesanpedro.com.ar\/sitio\/wp-json\/wp\/v2\/posts"}],"about":[{"href":"https:\/\/eldiariodesanpedro.com.ar\/sitio\/wp-json\/wp\/v2\/types\/post"}],"author":[{"embeddable":true,"href":"https:\/\/eldiariodesanpedro.com.ar\/sitio\/wp-json\/wp\/v2\/users\/4"}],"replies":[{"embeddable":true,"href":"https:\/\/eldiariodesanpedro.com.ar\/sitio\/wp-json\/wp\/v2\/comments?post=127692"}],"version-history":[{"count":2,"href":"https:\/\/eldiariodesanpedro.com.ar\/sitio\/wp-json\/wp\/v2\/posts\/127692\/revisions"}],"predecessor-version":[{"id":127696,"href":"https:\/\/eldiariodesanpedro.com.ar\/sitio\/wp-json\/wp\/v2\/posts\/127692\/revisions\/127696"}],"wp:featuredmedia":[{"embeddable":true,"href":"https:\/\/eldiariodesanpedro.com.ar\/sitio\/wp-json\/wp\/v2\/media\/102746"}],"wp:attachment":[{"href":"https:\/\/eldiariodesanpedro.com.ar\/sitio\/wp-json\/wp\/v2\/media?parent=127692"}],"wp:term":[{"taxonomy":"category","embeddable":true,"href":"https:\/\/eldiariodesanpedro.com.ar\/sitio\/wp-json\/wp\/v2\/categories?post=127692"},{"taxonomy":"post_tag","embeddable":true,"href":"https:\/\/eldiariodesanpedro.com.ar\/sitio\/wp-json\/wp\/v2\/tags?post=127692"}],"curies":[{"name":"wp","href":"https:\/\/api.w.org\/{rel}","templated":true}]}}