{"id":127413,"date":"2024-03-28T11:51:16","date_gmt":"2024-03-28T14:51:16","guid":{"rendered":"https:\/\/eldiariodesanpedro.com.ar\/sitio\/?p=127413"},"modified":"2024-03-28T11:51:18","modified_gmt":"2024-03-28T14:51:18","slug":"secuestradas-zapatillas-deportivas-en-allanamiento-por-robo","status":"publish","type":"post","link":"https:\/\/eldiariodesanpedro.com.ar\/sitio\/secuestradas-zapatillas-deportivas-en-allanamiento-por-robo\/","title":{"rendered":"Secuestradas zapatillas deportivas en allanamiento por robo"},"content":{"rendered":"<!-- VideographyWP Plugin Message: Automatic video embedding prevented by plugin options. -->\n\n<p>En una operaci\u00f3n llevada a cabo por el equipo criminol\u00f3gico de la Comisar\u00eda local, se realiz\u00f3 un allanamiento autorizado por el Juzgado de Garant\u00edas de San Nicol\u00e1s en la calle Simonini al 300, el d\u00eda de ayer. El resultado fue positivo, ya que se logr\u00f3 el secuestro de un par de zapatillas deportivas que hab\u00edan sido robadas d\u00edas atr\u00e1s.<\/p>\n\n\n\n<p>El objeto del allanamiento era el esclarecimiento de un robo denunciado el pasado 25 de marzo por un ciudadano de 40 a\u00f1os. Seg\u00fan la denuncia, un individuo hab\u00eda ingresado al comercio ubicado en Casella al 1200 y sustrajo varios pares de zapatillas deportivas, as\u00ed como prendas de vestir deportivas destinadas a la venta.<\/p>\n\n\n\n<p>Aunque el morador e imputado del hecho que estaba siendo investigado no se encontraba en el domicilio durante la diligencia, se trata de un delincuente reconocido de 28 a\u00f1os de edad. La fiscal\u00eda local ha tomado intervenci\u00f3n y decidir\u00e1 las medidas futuras respecto al individuo en cuesti\u00f3n.<\/p>\n\n\n\n<p>Las investigaciones realizadas hasta el momento han permitido establecer la autor\u00eda del robo. Se contin\u00faan las diligencias con el objetivo de recuperar los objetos restantes sustra\u00eddos en el comercio mencionado.<\/p>\n","protected":false},"excerpt":{"rendered":"<p>En una operaci\u00f3n llevada a cabo por el equipo criminol\u00f3gico de la Comisar\u00eda local, se realiz\u00f3 un allanamiento autorizado por el Juzgado de Garant\u00edas de San Nicol\u00e1s en la calle Simonini al 300, el d\u00eda de ayer. El resultado fue positivo, ya que se logr\u00f3 el secuestro de un par de zapatillas deportivas que hab\u00edan [&hellip;]<\/p>\n","protected":false},"author":4,"featured_media":127414,"comment_status":"closed","ping_status":"closed","sticky":false,"template":"","format":"standard","meta":{"om_disable_all_campaigns":false,"_jetpack_memberships_contains_paid_content":false,"footnotes":""},"categories":[2,103],"tags":[197,33,95,19],"class_list":["post-127413","post","type-post","status-publish","format-standard","has-post-thumbnail","hentry","category-locales","category-policiales-locales","tag-buenos-aires","tag-locales","tag-policiales","tag-san-pedro"],"aioseo_notices":[],"gutentor_comment":0,"jetpack_featured_media_url":"https:\/\/eldiariodesanpedro.com.ar\/sitio\/wp-content\/uploads\/2024\/03\/medida-63.jpg","jetpack_shortlink":"https:\/\/wp.me\/p6RhLt-x93","jetpack_sharing_enabled":true,"_links":{"self":[{"href":"https:\/\/eldiariodesanpedro.com.ar\/sitio\/wp-json\/wp\/v2\/posts\/127413","targetHints":{"allow":["GET"]}}],"collection":[{"href":"https:\/\/eldiariodesanpedro.com.ar\/sitio\/wp-json\/wp\/v2\/posts"}],"about":[{"href":"https:\/\/eldiariodesanpedro.com.ar\/sitio\/wp-json\/wp\/v2\/types\/post"}],"author":[{"embeddable":true,"href":"https:\/\/eldiariodesanpedro.com.ar\/sitio\/wp-json\/wp\/v2\/users\/4"}],"replies":[{"embeddable":true,"href":"https:\/\/eldiariodesanpedro.com.ar\/sitio\/wp-json\/wp\/v2\/comments?post=127413"}],"version-history":[{"count":1,"href":"https:\/\/eldiariodesanpedro.com.ar\/sitio\/wp-json\/wp\/v2\/posts\/127413\/revisions"}],"predecessor-version":[{"id":127415,"href":"https:\/\/eldiariodesanpedro.com.ar\/sitio\/wp-json\/wp\/v2\/posts\/127413\/revisions\/127415"}],"wp:featuredmedia":[{"embeddable":true,"href":"https:\/\/eldiariodesanpedro.com.ar\/sitio\/wp-json\/wp\/v2\/media\/127414"}],"wp:attachment":[{"href":"https:\/\/eldiariodesanpedro.com.ar\/sitio\/wp-json\/wp\/v2\/media?parent=127413"}],"wp:term":[{"taxonomy":"category","embeddable":true,"href":"https:\/\/eldiariodesanpedro.com.ar\/sitio\/wp-json\/wp\/v2\/categories?post=127413"},{"taxonomy":"post_tag","embeddable":true,"href":"https:\/\/eldiariodesanpedro.com.ar\/sitio\/wp-json\/wp\/v2\/tags?post=127413"}],"curies":[{"name":"wp","href":"https:\/\/api.w.org\/{rel}","templated":true}]}}