{"id":126258,"date":"2024-02-24T10:38:46","date_gmt":"2024-02-24T13:38:46","guid":{"rendered":"https:\/\/eldiariodesanpedro.com.ar\/sitio\/?p=126258"},"modified":"2024-02-24T10:38:48","modified_gmt":"2024-02-24T13:38:48","slug":"se-realizaron-operativos-durante-la-semana-en-zona-de-islas","status":"publish","type":"post","link":"https:\/\/eldiariodesanpedro.com.ar\/sitio\/se-realizaron-operativos-durante-la-semana-en-zona-de-islas\/","title":{"rendered":"Se realizaron operativos durante la semana en Zona de Islas"},"content":{"rendered":"<!-- VideographyWP Plugin Message: Automatic video embedding prevented by plugin options. -->\n\n<p>La Municipalidad de San Pedro informa que contin\u00faan desarroll\u00e1ndose operativos en la zona de islas como parte del plan de contingencia establecido por el Intendente Municipal, Cecilio Salazar. En esta ocasi\u00f3n, se han desplegado recursos en dos embarcaciones con el objetivo de atender las necesidades de los conciudadanos que residen en esta \u00e1rea.<\/p>\n\n\n\n<p>A trav\u00e9s de una actividad conjunta entre las Secretar\u00edas de Gobierno, Desarrollo de la Comunidad y la Direcci\u00f3n de Defensa Civil, se ha relevado 60 grupos familiares, identificando las necesidades m\u00e1s apremiantes de quienes all\u00ed habitan. Durante estos recorridos, se ha distribuido mercader\u00eda y elementos para combatir el problema de los mosquitos, que afecta significativamente a la zona, quedando a disposici\u00f3n para cualquier situaci\u00f3n que pudiera surgir.<\/p>\n\n\n\n<figure class=\"wp-block-image size-large\"><img decoding=\"async\" width=\"1024\" height=\"576\" data-attachment-id=\"126262\" data-permalink=\"https:\/\/eldiariodesanpedro.com.ar\/sitio\/se-realizaron-operativos-durante-la-semana-en-zona-de-islas\/imagen-de-whatsapp-2024-02-22-a-las-13-52-41_c0ec8aaa\/\" data-orig-file=\"https:\/\/eldiariodesanpedro.com.ar\/sitio\/wp-content\/uploads\/2024\/02\/Imagen-de-WhatsApp-2024-02-22-a-las-13.52.41_c0ec8aaa.jpg\" data-orig-size=\"1120,630\" data-comments-opened=\"0\" data-image-meta=\"{&quot;aperture&quot;:&quot;0&quot;,&quot;credit&quot;:&quot;&quot;,&quot;camera&quot;:&quot;&quot;,&quot;caption&quot;:&quot;&quot;,&quot;created_timestamp&quot;:&quot;0&quot;,&quot;copyright&quot;:&quot;&quot;,&quot;focal_length&quot;:&quot;0&quot;,&quot;iso&quot;:&quot;0&quot;,&quot;shutter_speed&quot;:&quot;0&quot;,&quot;title&quot;:&quot;&quot;,&quot;orientation&quot;:&quot;0&quot;}\" data-image-title=\"Imagen de WhatsApp 2024-02-22 a las 13.52.41_c0ec8aaa\" data-image-description=\"\" data-image-caption=\"\" data-large-file=\"https:\/\/eldiariodesanpedro.com.ar\/sitio\/wp-content\/uploads\/2024\/02\/Imagen-de-WhatsApp-2024-02-22-a-las-13.52.41_c0ec8aaa-1024x576.jpg\" data-src=\"https:\/\/eldiariodesanpedro.com.ar\/sitio\/wp-content\/uploads\/2024\/02\/Imagen-de-WhatsApp-2024-02-22-a-las-13.52.41_c0ec8aaa-1024x576.jpg\" alt=\"\" class=\"wp-image-126262 lazyload\" data-srcset=\"https:\/\/eldiariodesanpedro.com.ar\/sitio\/wp-content\/uploads\/2024\/02\/Imagen-de-WhatsApp-2024-02-22-a-las-13.52.41_c0ec8aaa-1024x576.jpg 1024w, https:\/\/eldiariodesanpedro.com.ar\/sitio\/wp-content\/uploads\/2024\/02\/Imagen-de-WhatsApp-2024-02-22-a-las-13.52.41_c0ec8aaa-300x169.jpg 300w, https:\/\/eldiariodesanpedro.com.ar\/sitio\/wp-content\/uploads\/2024\/02\/Imagen-de-WhatsApp-2024-02-22-a-las-13.52.41_c0ec8aaa-768x432.jpg 768w, https:\/\/eldiariodesanpedro.com.ar\/sitio\/wp-content\/uploads\/2024\/02\/Imagen-de-WhatsApp-2024-02-22-a-las-13.52.41_c0ec8aaa.jpg 1120w\" data-sizes=\"(max-width: 1024px) 100vw, 1024px\" src=\"data:image\/svg+xml;base64,PHN2ZyB3aWR0aD0iMSIgaGVpZ2h0PSIxIiB4bWxucz0iaHR0cDovL3d3dy53My5vcmcvMjAwMC9zdmciPjwvc3ZnPg==\" style=\"--smush-placeholder-width: 1024px; --smush-placeholder-aspect-ratio: 1024\/576;\" \/><\/figure>\n\n\n\n<figure class=\"wp-block-image size-large\"><img decoding=\"async\" width=\"1024\" height=\"576\" data-attachment-id=\"126260\" data-permalink=\"https:\/\/eldiariodesanpedro.com.ar\/sitio\/se-realizaron-operativos-durante-la-semana-en-zona-de-islas\/imagen-de-whatsapp-2024-02-22-a-las-13-52-40_649bf4e5\/\" data-orig-file=\"https:\/\/eldiariodesanpedro.com.ar\/sitio\/wp-content\/uploads\/2024\/02\/Imagen-de-WhatsApp-2024-02-22-a-las-13.52.40_649bf4e5.jpg\" data-orig-size=\"1120,630\" data-comments-opened=\"0\" data-image-meta=\"{&quot;aperture&quot;:&quot;0&quot;,&quot;credit&quot;:&quot;&quot;,&quot;camera&quot;:&quot;&quot;,&quot;caption&quot;:&quot;&quot;,&quot;created_timestamp&quot;:&quot;0&quot;,&quot;copyright&quot;:&quot;&quot;,&quot;focal_length&quot;:&quot;0&quot;,&quot;iso&quot;:&quot;0&quot;,&quot;shutter_speed&quot;:&quot;0&quot;,&quot;title&quot;:&quot;&quot;,&quot;orientation&quot;:&quot;0&quot;}\" data-image-title=\"Imagen de WhatsApp 2024-02-22 a las 13.52.40_649bf4e5\" data-image-description=\"\" data-image-caption=\"\" data-large-file=\"https:\/\/eldiariodesanpedro.com.ar\/sitio\/wp-content\/uploads\/2024\/02\/Imagen-de-WhatsApp-2024-02-22-a-las-13.52.40_649bf4e5-1024x576.jpg\" data-src=\"https:\/\/eldiariodesanpedro.com.ar\/sitio\/wp-content\/uploads\/2024\/02\/Imagen-de-WhatsApp-2024-02-22-a-las-13.52.40_649bf4e5-1024x576.jpg\" alt=\"\" class=\"wp-image-126260 lazyload\" data-srcset=\"https:\/\/eldiariodesanpedro.com.ar\/sitio\/wp-content\/uploads\/2024\/02\/Imagen-de-WhatsApp-2024-02-22-a-las-13.52.40_649bf4e5-1024x576.jpg 1024w, https:\/\/eldiariodesanpedro.com.ar\/sitio\/wp-content\/uploads\/2024\/02\/Imagen-de-WhatsApp-2024-02-22-a-las-13.52.40_649bf4e5-300x169.jpg 300w, https:\/\/eldiariodesanpedro.com.ar\/sitio\/wp-content\/uploads\/2024\/02\/Imagen-de-WhatsApp-2024-02-22-a-las-13.52.40_649bf4e5-768x432.jpg 768w, https:\/\/eldiariodesanpedro.com.ar\/sitio\/wp-content\/uploads\/2024\/02\/Imagen-de-WhatsApp-2024-02-22-a-las-13.52.40_649bf4e5.jpg 1120w\" data-sizes=\"(max-width: 1024px) 100vw, 1024px\" src=\"data:image\/svg+xml;base64,PHN2ZyB3aWR0aD0iMSIgaGVpZ2h0PSIxIiB4bWxucz0iaHR0cDovL3d3dy53My5vcmcvMjAwMC9zdmciPjwvc3ZnPg==\" style=\"--smush-placeholder-width: 1024px; --smush-placeholder-aspect-ratio: 1024\/576;\" \/><\/figure>\n","protected":false},"excerpt":{"rendered":"<p>La Municipalidad de San Pedro informa que contin\u00faan desarroll\u00e1ndose operativos en la zona de islas como parte del plan de contingencia establecido por el Intendente Municipal, Cecilio Salazar. En esta ocasi\u00f3n, se han desplegado recursos en dos embarcaciones con el objetivo de atender las necesidades de los conciudadanos que residen en esta \u00e1rea. A trav\u00e9s [&hellip;]<\/p>\n","protected":false},"author":4,"featured_media":126261,"comment_status":"closed","ping_status":"closed","sticky":false,"template":"","format":"standard","meta":{"om_disable_all_campaigns":false,"_jetpack_memberships_contains_paid_content":false,"footnotes":""},"categories":[50,101,2],"tags":[],"class_list":["post-126258","post","type-post","status-publish","format-standard","has-post-thumbnail","hentry","category-destacadas","category-interes-general-locales","category-locales"],"aioseo_notices":[],"gutentor_comment":0,"jetpack_featured_media_url":"https:\/\/eldiariodesanpedro.com.ar\/sitio\/wp-content\/uploads\/2024\/02\/Imagen-de-WhatsApp-2024-02-22-a-las-13.52.41_02c7025c.jpg","jetpack_shortlink":"https:\/\/wp.me\/p6RhLt-wQq","jetpack_sharing_enabled":true,"_links":{"self":[{"href":"https:\/\/eldiariodesanpedro.com.ar\/sitio\/wp-json\/wp\/v2\/posts\/126258","targetHints":{"allow":["GET"]}}],"collection":[{"href":"https:\/\/eldiariodesanpedro.com.ar\/sitio\/wp-json\/wp\/v2\/posts"}],"about":[{"href":"https:\/\/eldiariodesanpedro.com.ar\/sitio\/wp-json\/wp\/v2\/types\/post"}],"author":[{"embeddable":true,"href":"https:\/\/eldiariodesanpedro.com.ar\/sitio\/wp-json\/wp\/v2\/users\/4"}],"replies":[{"embeddable":true,"href":"https:\/\/eldiariodesanpedro.com.ar\/sitio\/wp-json\/wp\/v2\/comments?post=126258"}],"version-history":[{"count":1,"href":"https:\/\/eldiariodesanpedro.com.ar\/sitio\/wp-json\/wp\/v2\/posts\/126258\/revisions"}],"predecessor-version":[{"id":126264,"href":"https:\/\/eldiariodesanpedro.com.ar\/sitio\/wp-json\/wp\/v2\/posts\/126258\/revisions\/126264"}],"wp:featuredmedia":[{"embeddable":true,"href":"https:\/\/eldiariodesanpedro.com.ar\/sitio\/wp-json\/wp\/v2\/media\/126261"}],"wp:attachment":[{"href":"https:\/\/eldiariodesanpedro.com.ar\/sitio\/wp-json\/wp\/v2\/media?parent=126258"}],"wp:term":[{"taxonomy":"category","embeddable":true,"href":"https:\/\/eldiariodesanpedro.com.ar\/sitio\/wp-json\/wp\/v2\/categories?post=126258"},{"taxonomy":"post_tag","embeddable":true,"href":"https:\/\/eldiariodesanpedro.com.ar\/sitio\/wp-json\/wp\/v2\/tags?post=126258"}],"curies":[{"name":"wp","href":"https:\/\/api.w.org\/{rel}","templated":true}]}}