{"id":126256,"date":"2024-02-23T12:53:32","date_gmt":"2024-02-23T15:53:32","guid":{"rendered":"https:\/\/eldiariodesanpedro.com.ar\/sitio\/?p=126256"},"modified":"2024-02-23T12:53:35","modified_gmt":"2024-02-23T15:53:35","slug":"oficina-de-gestion-de-la-tarjeta-sube","status":"publish","type":"post","link":"https:\/\/eldiariodesanpedro.com.ar\/sitio\/oficina-de-gestion-de-la-tarjeta-sube\/","title":{"rendered":"Oficina de Gesti\u00f3n de la Tarjeta SUBE"},"content":{"rendered":"<!-- VideographyWP Plugin Message: Automatic video embedding prevented by plugin options. -->\n\n<p>La Municipalidad de San Pedro, recuerda el funcionamiento de la oficina de Gesti\u00f3n de la Tarjeta SUBE para los ciudadanos que requieran realizar tr\u00e1mites relacionados con dicha tarjeta (registro e indicaciones para su uso).<\/p>\n\n\n\n<p>El horario de atenci\u00f3n es de lunes a viernes de 9 a 13 horas, en las instalaciones ubicadas en Mitre 2609. Adem\u00e1s, se ofrece la posibilidad de realizar tr\u00e1mites a trav\u00e9s de nuestras Delegaciones Municipales de R\u00edo Tala, Gobernador Castro, Pueblo Doyle, Santa Luc\u00eda y consultas mediante comunicaci\u00f3n telef\u00f3nica al WhatsApp 3329-317028.<\/p>\n\n\n\n<p>El proceso de registro y orientaci\u00f3n sobre el uso de la Tarjeta SUBE puede realizarse en nuestra oficina de manera personal. Las tarjetas SUBE est\u00e1n disponibles para su adquisici\u00f3n en loter\u00edas, kioscos y estaciones de servicio, con un precio de 840 pesos.<\/p>\n\n\n\n<p>Aquellos usuarios que hayan realizado tr\u00e1mites en la oficina o en las Delegaciones Municipales, tienen sus tarjetas registradas en nuestro sistema, sin necesidad de volver a registrarlas.<\/p>\n","protected":false},"excerpt":{"rendered":"<p>La Municipalidad de San Pedro, recuerda el funcionamiento de la oficina de Gesti\u00f3n de la Tarjeta SUBE para los ciudadanos que requieran realizar tr\u00e1mites relacionados con dicha tarjeta (registro e indicaciones para su uso). El horario de atenci\u00f3n es de lunes a viernes de 9 a 13 horas, en las instalaciones ubicadas en Mitre 2609. [&hellip;]<\/p>\n","protected":false},"author":4,"featured_media":10278,"comment_status":"closed","ping_status":"closed","sticky":false,"template":"","format":"standard","meta":{"om_disable_all_campaigns":false,"_jetpack_memberships_contains_paid_content":false,"footnotes":""},"categories":[101,2],"tags":[],"class_list":["post-126256","post","type-post","status-publish","format-standard","has-post-thumbnail","hentry","category-interes-general-locales","category-locales"],"aioseo_notices":[],"gutentor_comment":0,"jetpack_featured_media_url":"https:\/\/eldiariodesanpedro.com.ar\/sitio\/wp-content\/uploads\/2016\/11\/tarjeta-sube.jpg","jetpack_shortlink":"https:\/\/wp.me\/p6RhLt-wQo","jetpack_sharing_enabled":true,"_links":{"self":[{"href":"https:\/\/eldiariodesanpedro.com.ar\/sitio\/wp-json\/wp\/v2\/posts\/126256","targetHints":{"allow":["GET"]}}],"collection":[{"href":"https:\/\/eldiariodesanpedro.com.ar\/sitio\/wp-json\/wp\/v2\/posts"}],"about":[{"href":"https:\/\/eldiariodesanpedro.com.ar\/sitio\/wp-json\/wp\/v2\/types\/post"}],"author":[{"embeddable":true,"href":"https:\/\/eldiariodesanpedro.com.ar\/sitio\/wp-json\/wp\/v2\/users\/4"}],"replies":[{"embeddable":true,"href":"https:\/\/eldiariodesanpedro.com.ar\/sitio\/wp-json\/wp\/v2\/comments?post=126256"}],"version-history":[{"count":1,"href":"https:\/\/eldiariodesanpedro.com.ar\/sitio\/wp-json\/wp\/v2\/posts\/126256\/revisions"}],"predecessor-version":[{"id":126257,"href":"https:\/\/eldiariodesanpedro.com.ar\/sitio\/wp-json\/wp\/v2\/posts\/126256\/revisions\/126257"}],"wp:featuredmedia":[{"embeddable":true,"href":"https:\/\/eldiariodesanpedro.com.ar\/sitio\/wp-json\/wp\/v2\/media\/10278"}],"wp:attachment":[{"href":"https:\/\/eldiariodesanpedro.com.ar\/sitio\/wp-json\/wp\/v2\/media?parent=126256"}],"wp:term":[{"taxonomy":"category","embeddable":true,"href":"https:\/\/eldiariodesanpedro.com.ar\/sitio\/wp-json\/wp\/v2\/categories?post=126256"},{"taxonomy":"post_tag","embeddable":true,"href":"https:\/\/eldiariodesanpedro.com.ar\/sitio\/wp-json\/wp\/v2\/tags?post=126256"}],"curies":[{"name":"wp","href":"https:\/\/api.w.org\/{rel}","templated":true}]}}