{"id":126253,"date":"2024-02-23T11:58:56","date_gmt":"2024-02-23T14:58:56","guid":{"rendered":"https:\/\/eldiariodesanpedro.com.ar\/sitio\/?p=126253"},"modified":"2024-02-23T11:58:58","modified_gmt":"2024-02-23T14:58:58","slug":"la-familia-de-silvina-asegura-que-era-brutalmente-golpeada-y-torturada-por-su-pareja-que-hoy-fue-detenido","status":"publish","type":"post","link":"https:\/\/eldiariodesanpedro.com.ar\/sitio\/la-familia-de-silvina-asegura-que-era-brutalmente-golpeada-y-torturada-por-su-pareja-que-hoy-fue-detenido\/","title":{"rendered":"La familia de Silvina asegura que era brutalmente golpeada y torturada por su pareja, que hoy fue detenido"},"content":{"rendered":"<!-- VideographyWP Plugin Message: Automatic video embedding prevented by plugin options. -->\n\n<p>Los familiares de Silvina Gabriela Ram\u00edrez, quien desapareci\u00f3 el mi\u00e9rcoles por la noche y fue encontrada esta ma\u00f1ana oculta entre pastizales, denuncian maltrato por parte de su esposo.<\/p>\n\n\n\n<p>Fernando, t\u00edo de Silvina, se present\u00f3 en la Comisar\u00eda local para declarar luego de enterarse de la desaparici\u00f3n de su sobrina. Seg\u00fan su testimonio recogido por La Radio 92.3, Silvina sufr\u00eda maltrato f\u00edsico y psicol\u00f3gico por parte de su esposo, quien la quemaba con objetos calientes, la encerraba y le prohib\u00eda tener un celular.<\/p>\n\n\n\n<p>Fernando declar\u00f3 que Silvina \u00abviv\u00eda golpeada\u00bb y que sus tres hijos estaban aterrorizados por las constantes amenazas de su padre.<\/p>\n\n\n\n<p>Seg\u00fan una versi\u00f3n familiar, las horas previas a la desaparici\u00f3n fueron marcadas por un intento de comunicaci\u00f3n de Silvina con uno de sus hermanos a trav\u00e9s de un celular escondido. Cuando su esposo se enter\u00f3, presuntamente sali\u00f3 en busca de Silvina para agredirla. Al regresar, afirm\u00f3 que no la encontr\u00f3.<\/p>\n\n\n\n<p>El sospechoso se encuentra detenido en la Comisar\u00eda luego de que se encontraran contradicciones en sus declaraciones. Durante la requisici\u00f3n de su veh\u00edculo, que hab\u00eda utilizado para denunciar un \u00ababandono de hogar\u00bb, la polic\u00eda encontr\u00f3 pertenencias de Silvina.<\/p>\n","protected":false},"excerpt":{"rendered":"<p>Los familiares de Silvina Gabriela Ram\u00edrez, quien desapareci\u00f3 el mi\u00e9rcoles por la noche y fue encontrada esta ma\u00f1ana oculta entre pastizales, denuncian maltrato por parte de su esposo. Fernando, t\u00edo de Silvina, se present\u00f3 en la Comisar\u00eda local para declarar luego de enterarse de la desaparici\u00f3n de su sobrina. Seg\u00fan su testimonio recogido por La [&hellip;]<\/p>\n","protected":false},"author":4,"featured_media":126254,"comment_status":"closed","ping_status":"closed","sticky":false,"template":"","format":"standard","meta":{"om_disable_all_campaigns":false,"_jetpack_memberships_contains_paid_content":false,"footnotes":""},"categories":[50,2,103],"tags":[],"class_list":["post-126253","post","type-post","status-publish","format-standard","has-post-thumbnail","hentry","category-destacadas","category-locales","category-policiales-locales"],"aioseo_notices":[],"gutentor_comment":0,"jetpack_featured_media_url":"https:\/\/eldiariodesanpedro.com.ar\/sitio\/wp-content\/uploads\/2024\/02\/Imagen-de-WhatsApp-2024-02-23-a-las-11.54.55_e0e68e3a.jpg","jetpack_shortlink":"https:\/\/wp.me\/p6RhLt-wQl","jetpack_sharing_enabled":true,"_links":{"self":[{"href":"https:\/\/eldiariodesanpedro.com.ar\/sitio\/wp-json\/wp\/v2\/posts\/126253","targetHints":{"allow":["GET"]}}],"collection":[{"href":"https:\/\/eldiariodesanpedro.com.ar\/sitio\/wp-json\/wp\/v2\/posts"}],"about":[{"href":"https:\/\/eldiariodesanpedro.com.ar\/sitio\/wp-json\/wp\/v2\/types\/post"}],"author":[{"embeddable":true,"href":"https:\/\/eldiariodesanpedro.com.ar\/sitio\/wp-json\/wp\/v2\/users\/4"}],"replies":[{"embeddable":true,"href":"https:\/\/eldiariodesanpedro.com.ar\/sitio\/wp-json\/wp\/v2\/comments?post=126253"}],"version-history":[{"count":1,"href":"https:\/\/eldiariodesanpedro.com.ar\/sitio\/wp-json\/wp\/v2\/posts\/126253\/revisions"}],"predecessor-version":[{"id":126255,"href":"https:\/\/eldiariodesanpedro.com.ar\/sitio\/wp-json\/wp\/v2\/posts\/126253\/revisions\/126255"}],"wp:featuredmedia":[{"embeddable":true,"href":"https:\/\/eldiariodesanpedro.com.ar\/sitio\/wp-json\/wp\/v2\/media\/126254"}],"wp:attachment":[{"href":"https:\/\/eldiariodesanpedro.com.ar\/sitio\/wp-json\/wp\/v2\/media?parent=126253"}],"wp:term":[{"taxonomy":"category","embeddable":true,"href":"https:\/\/eldiariodesanpedro.com.ar\/sitio\/wp-json\/wp\/v2\/categories?post=126253"},{"taxonomy":"post_tag","embeddable":true,"href":"https:\/\/eldiariodesanpedro.com.ar\/sitio\/wp-json\/wp\/v2\/tags?post=126253"}],"curies":[{"name":"wp","href":"https:\/\/api.w.org\/{rel}","templated":true}]}}