{"id":126250,"date":"2024-02-23T11:42:33","date_gmt":"2024-02-23T14:42:33","guid":{"rendered":"https:\/\/eldiariodesanpedro.com.ar\/sitio\/?p=126250"},"modified":"2024-02-23T11:42:35","modified_gmt":"2024-02-23T14:42:35","slug":"encontraron-con-vida-a-silvina-ramirez-escondida-entre-pastisales-en-un-camino-rural","status":"publish","type":"post","link":"https:\/\/eldiariodesanpedro.com.ar\/sitio\/encontraron-con-vida-a-silvina-ramirez-escondida-entre-pastisales-en-un-camino-rural\/","title":{"rendered":"Encontraron con vida a Silvina Ramirez escondida entre pastisales en un camino rural"},"content":{"rendered":"<!-- VideographyWP Plugin Message: Automatic video embedding prevented by plugin options. -->\n\n<p>La polic\u00eda encontr\u00f3 con vida a Silvina Gabriela Ram\u00edrez, de 44 a\u00f1os, quien estaba desaparecida desde el mi\u00e9rcoles. Fue localizada entre pastizales cercanos a un camino rural, aproximadamente a 300 metros de su hogar, mientras se realizaba un rastrillaje con perros. Tras escapar de situaciones de violencia por parte de su pareja, se mantuvo oculta durante 36 horas sin acceso a agua ni comida, soportando condiciones clim\u00e1ticas extremas. Presenta signos de estr\u00e9s y deshidrataci\u00f3n. Debido al temor a las represalias de su esposo (actualmente detenido en la Comisar\u00eda local), intent\u00f3 pasar desapercibida para las autoridades. Su familia confirm\u00f3 en La Radio 92.3 que Silvina era v\u00edctima de abusos y que su esposo la manten\u00eda aislada de sus seres queridos. Despu\u00e9s de una pelea por el uso de un tel\u00e9fono celular para pedir ayuda, logr\u00f3 escapar y permanecer escondida hasta ser encontrada. Fue trasladada al Hospital Subzonal \u00abDr. Emilio Ruffa\u00bb en una ambulancia.<\/p>\n","protected":false},"excerpt":{"rendered":"<p>La polic\u00eda encontr\u00f3 con vida a Silvina Gabriela Ram\u00edrez, de 44 a\u00f1os, quien estaba desaparecida desde el mi\u00e9rcoles. Fue localizada entre pastizales cercanos a un camino rural, aproximadamente a 300 metros de su hogar, mientras se realizaba un rastrillaje con perros. Tras escapar de situaciones de violencia por parte de su pareja, se mantuvo oculta [&hellip;]<\/p>\n","protected":false},"author":4,"featured_media":126251,"comment_status":"closed","ping_status":"closed","sticky":false,"template":"","format":"standard","meta":{"om_disable_all_campaigns":false,"_jetpack_memberships_contains_paid_content":false,"footnotes":""},"categories":[50,2,103],"tags":[],"class_list":["post-126250","post","type-post","status-publish","format-standard","has-post-thumbnail","hentry","category-destacadas","category-locales","category-policiales-locales"],"aioseo_notices":[],"gutentor_comment":0,"jetpack_featured_media_url":"https:\/\/eldiariodesanpedro.com.ar\/sitio\/wp-content\/uploads\/2024\/02\/0000022547-resized-1920x1080-1.jpg","jetpack_shortlink":"https:\/\/wp.me\/p6RhLt-wQi","jetpack_sharing_enabled":true,"_links":{"self":[{"href":"https:\/\/eldiariodesanpedro.com.ar\/sitio\/wp-json\/wp\/v2\/posts\/126250","targetHints":{"allow":["GET"]}}],"collection":[{"href":"https:\/\/eldiariodesanpedro.com.ar\/sitio\/wp-json\/wp\/v2\/posts"}],"about":[{"href":"https:\/\/eldiariodesanpedro.com.ar\/sitio\/wp-json\/wp\/v2\/types\/post"}],"author":[{"embeddable":true,"href":"https:\/\/eldiariodesanpedro.com.ar\/sitio\/wp-json\/wp\/v2\/users\/4"}],"replies":[{"embeddable":true,"href":"https:\/\/eldiariodesanpedro.com.ar\/sitio\/wp-json\/wp\/v2\/comments?post=126250"}],"version-history":[{"count":1,"href":"https:\/\/eldiariodesanpedro.com.ar\/sitio\/wp-json\/wp\/v2\/posts\/126250\/revisions"}],"predecessor-version":[{"id":126252,"href":"https:\/\/eldiariodesanpedro.com.ar\/sitio\/wp-json\/wp\/v2\/posts\/126250\/revisions\/126252"}],"wp:featuredmedia":[{"embeddable":true,"href":"https:\/\/eldiariodesanpedro.com.ar\/sitio\/wp-json\/wp\/v2\/media\/126251"}],"wp:attachment":[{"href":"https:\/\/eldiariodesanpedro.com.ar\/sitio\/wp-json\/wp\/v2\/media?parent=126250"}],"wp:term":[{"taxonomy":"category","embeddable":true,"href":"https:\/\/eldiariodesanpedro.com.ar\/sitio\/wp-json\/wp\/v2\/categories?post=126250"},{"taxonomy":"post_tag","embeddable":true,"href":"https:\/\/eldiariodesanpedro.com.ar\/sitio\/wp-json\/wp\/v2\/tags?post=126250"}],"curies":[{"name":"wp","href":"https:\/\/api.w.org\/{rel}","templated":true}]}}