{"id":126241,"date":"2024-02-21T16:37:45","date_gmt":"2024-02-21T19:37:45","guid":{"rendered":"https:\/\/eldiariodesanpedro.com.ar\/sitio\/?p=126241"},"modified":"2024-02-21T16:37:47","modified_gmt":"2024-02-21T19:37:47","slug":"liberaron-a-los-detenidos-por-el-asesinato-de-felipe-frias-que-en-realidad-solo-fueron-perejiles","status":"publish","type":"post","link":"https:\/\/eldiariodesanpedro.com.ar\/sitio\/liberaron-a-los-detenidos-por-el-asesinato-de-felipe-frias-que-en-realidad-solo-fueron-perejiles\/","title":{"rendered":"Liberaron a los detenidos por el asesinato de Felipe Frias que en realidad solo fueron \u00abperejiles\u00bb"},"content":{"rendered":"<!-- VideographyWP Plugin Message: Automatic video embedding prevented by plugin options. -->\n\n<p>Las autoridades liberaron a tres individuos que hab\u00edan sido detenidos en relaci\u00f3n con el caso del homicidio de Felipe Frias. Estas personas, identificadas como Pablo G\u00f3mez (42), Silvana Cancino (42) y Federico G\u00f3mez Cancino (21), fueron puestas en libertad despu\u00e9s de que se determinara que no estaban vinculadas con el crimen. La liberaci\u00f3n ocurri\u00f3 seg\u00fan lo solicitado por la defensa de los detenidos, representada por el Dr. Mauricio Gugger.<\/p>\n\n\n\n<p>El arresto de estas personas se produjo poco despu\u00e9s del asesinato de Frias, pero las investigaciones posteriores confirmaron que no ten\u00edan ninguna participaci\u00f3n en el incidente. Aunque fueron involucrados en una causa por venta de drogas, las autoridades no encontraron evidencia que los vinculara al homicidio.<\/p>\n\n\n\n<p>El abogado del caso hab\u00eda se\u00f1alado previamente que no hab\u00eda sospechosos ni detenidos en relaci\u00f3n con el crimen. La liberaci\u00f3n de estas tres personas se llev\u00f3 a cabo el mi\u00e9rcoles por la ma\u00f1ana, luego de que se determinara su falta de implicaci\u00f3n en el caso.<\/p>\n\n\n\n<p>Hasta el momento, la polic\u00eda no ha identificado a ning\u00fan sospechoso en el asesinato de Felipe Frias, cuyo cuerpo fue encontrado con signos de violencia cerca de su casa. Las autoridades contin\u00faan investigando el caso para determinar qui\u00e9n es responsable de este tr\u00e1gico suceso.<\/p>\n","protected":false},"excerpt":{"rendered":"<p>Las autoridades liberaron a tres individuos que hab\u00edan sido detenidos en relaci\u00f3n con el caso del homicidio de Felipe Frias. Estas personas, identificadas como Pablo G\u00f3mez (42), Silvana Cancino (42) y Federico G\u00f3mez Cancino (21), fueron puestas en libertad despu\u00e9s de que se determinara que no estaban vinculadas con el crimen. La liberaci\u00f3n ocurri\u00f3 seg\u00fan [&hellip;]<\/p>\n","protected":false},"author":4,"featured_media":126242,"comment_status":"closed","ping_status":"closed","sticky":false,"template":"","format":"standard","meta":{"om_disable_all_campaigns":false,"_jetpack_memberships_contains_paid_content":false,"footnotes":""},"categories":[50,2,103],"tags":[],"class_list":["post-126241","post","type-post","status-publish","format-standard","has-post-thumbnail","hentry","category-destacadas","category-locales","category-policiales-locales"],"aioseo_notices":[],"gutentor_comment":0,"jetpack_featured_media_url":"https:\/\/eldiariodesanpedro.com.ar\/sitio\/wp-content\/uploads\/2024\/02\/426351770_408785024855343_7777027693975369473_n.jpg","jetpack_shortlink":"https:\/\/wp.me\/p6RhLt-wQ9","jetpack_sharing_enabled":true,"_links":{"self":[{"href":"https:\/\/eldiariodesanpedro.com.ar\/sitio\/wp-json\/wp\/v2\/posts\/126241","targetHints":{"allow":["GET"]}}],"collection":[{"href":"https:\/\/eldiariodesanpedro.com.ar\/sitio\/wp-json\/wp\/v2\/posts"}],"about":[{"href":"https:\/\/eldiariodesanpedro.com.ar\/sitio\/wp-json\/wp\/v2\/types\/post"}],"author":[{"embeddable":true,"href":"https:\/\/eldiariodesanpedro.com.ar\/sitio\/wp-json\/wp\/v2\/users\/4"}],"replies":[{"embeddable":true,"href":"https:\/\/eldiariodesanpedro.com.ar\/sitio\/wp-json\/wp\/v2\/comments?post=126241"}],"version-history":[{"count":1,"href":"https:\/\/eldiariodesanpedro.com.ar\/sitio\/wp-json\/wp\/v2\/posts\/126241\/revisions"}],"predecessor-version":[{"id":126243,"href":"https:\/\/eldiariodesanpedro.com.ar\/sitio\/wp-json\/wp\/v2\/posts\/126241\/revisions\/126243"}],"wp:featuredmedia":[{"embeddable":true,"href":"https:\/\/eldiariodesanpedro.com.ar\/sitio\/wp-json\/wp\/v2\/media\/126242"}],"wp:attachment":[{"href":"https:\/\/eldiariodesanpedro.com.ar\/sitio\/wp-json\/wp\/v2\/media?parent=126241"}],"wp:term":[{"taxonomy":"category","embeddable":true,"href":"https:\/\/eldiariodesanpedro.com.ar\/sitio\/wp-json\/wp\/v2\/categories?post=126241"},{"taxonomy":"post_tag","embeddable":true,"href":"https:\/\/eldiariodesanpedro.com.ar\/sitio\/wp-json\/wp\/v2\/tags?post=126241"}],"curies":[{"name":"wp","href":"https:\/\/api.w.org\/{rel}","templated":true}]}}