{"id":126238,"date":"2024-02-21T16:08:13","date_gmt":"2024-02-21T19:08:13","guid":{"rendered":"https:\/\/eldiariodesanpedro.com.ar\/sitio\/?p=126238"},"modified":"2024-02-21T16:08:16","modified_gmt":"2024-02-21T19:08:16","slug":"un-dt-de-futbol-infantil-entre-los-detenidos-por-el-asesinato-de-cesar-butara-en-ramallo","status":"publish","type":"post","link":"https:\/\/eldiariodesanpedro.com.ar\/sitio\/un-dt-de-futbol-infantil-entre-los-detenidos-por-el-asesinato-de-cesar-butara-en-ramallo\/","title":{"rendered":"Un \u00abDT\u00bb de f\u00fatbol infantil entre los detenidos por el asesinato de C\u00e9sar Butara en Ramallo"},"content":{"rendered":"<!-- VideographyWP Plugin Message: Automatic video embedding prevented by plugin options. -->\n\n<p>Walter D\u00edaz, l\u00edder de la banda que asesin\u00f3 al comerciante ramallense, dirigi\u00f3 hasta el \u00faltimo fin de semana a una de las categorias infantiles del Club Banfield.<\/p>\n\n\n\n<p>A medida que pasan las horas se van conociendo m\u00e1s detalles del accionar de la banda sampedrina que asesin\u00f3 a un comerciante en Ramallo.<\/p>\n\n\n\n<p>Son cinco los detenidos, Facundo Agust\u00edn G\u00f3mez (26); Walter Rub\u00e9n D\u00edaz (32); Miguel \u00c1ngel Pereyra Retamar (22) y Dalmiro Nicol\u00e1s C\u00e1ceres, que ser\u00eda quien efectu\u00f3 el disparo mortal, y Jos\u00e9 Antonio Pereyra Retamar, de 23 a\u00f1os, quien est\u00e1 acusado de ser el organizador del asalto y presunto entregador del domicilio del comerciante asesinado.<\/p>\n\n\n\n<p>El caso no deja de sorprender debido a que a la vez uno de estos, identificado como Walter D\u00edaz, en la actualidad estaba vinculado al deporte.<\/p>\n\n\n\n<p>D\u00edaz se desempe\u00f1aba en la actualidad como director t\u00e9cnico de los equipos de f\u00fatbol infantil del Club Atl\u00e9tico Banfield y adem\u00e1s era el delegado de la instituci\u00f3n en la liga.<\/p>\n\n\n\n<p>Su participaci\u00f3n en el hecho no sorprende debido a los antecedentes con que cuenta pero s\u00ed es curioso que haya estado a cargo de los grupos m\u00e1s peque\u00f1os de la entidad.<\/p>\n\n\n\n<p>Adem\u00e1s, D\u00edaz, es a quien se\u00f1alaron como el l\u00edder de la banda y cuenta con frondosos antecedentes de distinto tipo.<\/p>\n\n\n\n<p>Los sospechosos est\u00e1n todos detenidos y se entiende que los espera un extenso recorrido judicial y una dura condena por ser los autores de este hecho aberrante.<\/p>\n\n\n\n<p>Fuente: San Pedro informa<\/p>\n","protected":false},"excerpt":{"rendered":"<p>Walter D\u00edaz, l\u00edder de la banda que asesin\u00f3 al comerciante ramallense, dirigi\u00f3 hasta el \u00faltimo fin de semana a una de las categorias infantiles del Club Banfield. A medida que pasan las horas se van conociendo m\u00e1s detalles del accionar de la banda sampedrina que asesin\u00f3 a un comerciante en Ramallo. Son cinco los detenidos, [&hellip;]<\/p>\n","protected":false},"author":4,"featured_media":126239,"comment_status":"closed","ping_status":"closed","sticky":false,"template":"","format":"standard","meta":{"om_disable_all_campaigns":false,"_jetpack_memberships_contains_paid_content":false,"footnotes":""},"categories":[50,101,2],"tags":[],"class_list":["post-126238","post","type-post","status-publish","format-standard","has-post-thumbnail","hentry","category-destacadas","category-interes-general-locales","category-locales"],"aioseo_notices":[],"gutentor_comment":0,"jetpack_featured_media_url":"https:\/\/eldiariodesanpedro.com.ar\/sitio\/wp-content\/uploads\/2024\/02\/0000022538-resized-1920x1080-1.jpg","jetpack_shortlink":"https:\/\/wp.me\/p6RhLt-wQ6","jetpack_sharing_enabled":true,"_links":{"self":[{"href":"https:\/\/eldiariodesanpedro.com.ar\/sitio\/wp-json\/wp\/v2\/posts\/126238","targetHints":{"allow":["GET"]}}],"collection":[{"href":"https:\/\/eldiariodesanpedro.com.ar\/sitio\/wp-json\/wp\/v2\/posts"}],"about":[{"href":"https:\/\/eldiariodesanpedro.com.ar\/sitio\/wp-json\/wp\/v2\/types\/post"}],"author":[{"embeddable":true,"href":"https:\/\/eldiariodesanpedro.com.ar\/sitio\/wp-json\/wp\/v2\/users\/4"}],"replies":[{"embeddable":true,"href":"https:\/\/eldiariodesanpedro.com.ar\/sitio\/wp-json\/wp\/v2\/comments?post=126238"}],"version-history":[{"count":1,"href":"https:\/\/eldiariodesanpedro.com.ar\/sitio\/wp-json\/wp\/v2\/posts\/126238\/revisions"}],"predecessor-version":[{"id":126240,"href":"https:\/\/eldiariodesanpedro.com.ar\/sitio\/wp-json\/wp\/v2\/posts\/126238\/revisions\/126240"}],"wp:featuredmedia":[{"embeddable":true,"href":"https:\/\/eldiariodesanpedro.com.ar\/sitio\/wp-json\/wp\/v2\/media\/126239"}],"wp:attachment":[{"href":"https:\/\/eldiariodesanpedro.com.ar\/sitio\/wp-json\/wp\/v2\/media?parent=126238"}],"wp:term":[{"taxonomy":"category","embeddable":true,"href":"https:\/\/eldiariodesanpedro.com.ar\/sitio\/wp-json\/wp\/v2\/categories?post=126238"},{"taxonomy":"post_tag","embeddable":true,"href":"https:\/\/eldiariodesanpedro.com.ar\/sitio\/wp-json\/wp\/v2\/tags?post=126238"}],"curies":[{"name":"wp","href":"https:\/\/api.w.org\/{rel}","templated":true}]}}