{"id":126235,"date":"2024-02-21T15:40:40","date_gmt":"2024-02-21T18:40:40","guid":{"rendered":"https:\/\/eldiariodesanpedro.com.ar\/sitio\/?p=126235"},"modified":"2024-02-21T15:40:42","modified_gmt":"2024-02-21T18:40:42","slug":"concejales-de-la-ucr-solicitan-acondicionar-predio-en-barrio-canaletas-para-recreo-publico","status":"publish","type":"post","link":"https:\/\/eldiariodesanpedro.com.ar\/sitio\/concejales-de-la-ucr-solicitan-acondicionar-predio-en-barrio-canaletas-para-recreo-publico\/","title":{"rendered":"Concejales de la UCR solicitan acondicionar predio en barrio Canaletas para recreo p\u00fablico"},"content":{"rendered":"<!-- VideographyWP Plugin Message: Automatic video embedding prevented by plugin options. -->\n\n<p>El bloque de concejales de la UCR ha solicitado al Departamento Ejecutivo la preparaci\u00f3n del predio ubicado en el barrio Canaletas, entre El Viejo Astillero y el Astillero Fasce, con la finalidad de destinarlo a actividades recreativas de acceso p\u00fablico.<\/p>\n\n\n\n<p>La petici\u00f3n incluye la elaboraci\u00f3n de un proyecto integral de recreaci\u00f3n que contemple un \u00e1rea de pesca en la costa, la instalaci\u00f3n de parrillas, \u00e1reas sombreadas con arbolado, as\u00ed como zonas de juegos infantiles para atraer el turismo y ofrecer opciones de esparcimiento.<\/p>\n\n\n\n<p>Los concejales Paola Basso, Hugo Binimellis, Lucas Pisani y Yanina Batalla han destacado la importancia de plantar \u00e1rboles aut\u00f3ctonos, especialmente sauces, y consideran la posibilidad de otorgar concesiones para actividades acu\u00e1ticas, recreativas y de proveedur\u00eda con el fin de generar recursos para el mantenimiento del lugar.<\/p>\n\n\n\n<p>Seg\u00fan los autores del proyecto, el terreno fue concedido en uso precario a un particular en 2002, pero despu\u00e9s de varios a\u00f1os no se ha avanzado en el desarrollo del proyecto ni se ha observado actividad alguna en el lugar. Adem\u00e1s, se\u00f1alan que el espacio costero est\u00e1 en estado de abandono y ha sido ocupado m\u00e1s all\u00e1 de las construcciones originales previstas.<\/p>\n\n\n\n<p>Despu\u00e9s de 22 a\u00f1os desde la concesi\u00f3n inicial y 18 a\u00f1os desde el pedido de revocaci\u00f3n por parte del HCD, los autores del proyecto proponen que este espacio podr\u00eda convertirse en uno de los pocos lugares gratuitos de acceso directo al r\u00edo, cercano a la zona urbana, destinado a actividades recreativas.<\/p>\n","protected":false},"excerpt":{"rendered":"<p>El bloque de concejales de la UCR ha solicitado al Departamento Ejecutivo la preparaci\u00f3n del predio ubicado en el barrio Canaletas, entre El Viejo Astillero y el Astillero Fasce, con la finalidad de destinarlo a actividades recreativas de acceso p\u00fablico. La petici\u00f3n incluye la elaboraci\u00f3n de un proyecto integral de recreaci\u00f3n que contemple un \u00e1rea [&hellip;]<\/p>\n","protected":false},"author":4,"featured_media":126236,"comment_status":"closed","ping_status":"closed","sticky":false,"template":"","format":"standard","meta":{"om_disable_all_campaigns":false,"_jetpack_memberships_contains_paid_content":false,"footnotes":""},"categories":[50,101,2],"tags":[],"class_list":["post-126235","post","type-post","status-publish","format-standard","has-post-thumbnail","hentry","category-destacadas","category-interes-general-locales","category-locales"],"aioseo_notices":[],"gutentor_comment":0,"jetpack_featured_media_url":"https:\/\/eldiariodesanpedro.com.ar\/sitio\/wp-content\/uploads\/2024\/02\/medida-32.jpg","jetpack_shortlink":"https:\/\/wp.me\/p6RhLt-wQ3","jetpack_sharing_enabled":true,"_links":{"self":[{"href":"https:\/\/eldiariodesanpedro.com.ar\/sitio\/wp-json\/wp\/v2\/posts\/126235","targetHints":{"allow":["GET"]}}],"collection":[{"href":"https:\/\/eldiariodesanpedro.com.ar\/sitio\/wp-json\/wp\/v2\/posts"}],"about":[{"href":"https:\/\/eldiariodesanpedro.com.ar\/sitio\/wp-json\/wp\/v2\/types\/post"}],"author":[{"embeddable":true,"href":"https:\/\/eldiariodesanpedro.com.ar\/sitio\/wp-json\/wp\/v2\/users\/4"}],"replies":[{"embeddable":true,"href":"https:\/\/eldiariodesanpedro.com.ar\/sitio\/wp-json\/wp\/v2\/comments?post=126235"}],"version-history":[{"count":1,"href":"https:\/\/eldiariodesanpedro.com.ar\/sitio\/wp-json\/wp\/v2\/posts\/126235\/revisions"}],"predecessor-version":[{"id":126237,"href":"https:\/\/eldiariodesanpedro.com.ar\/sitio\/wp-json\/wp\/v2\/posts\/126235\/revisions\/126237"}],"wp:featuredmedia":[{"embeddable":true,"href":"https:\/\/eldiariodesanpedro.com.ar\/sitio\/wp-json\/wp\/v2\/media\/126236"}],"wp:attachment":[{"href":"https:\/\/eldiariodesanpedro.com.ar\/sitio\/wp-json\/wp\/v2\/media?parent=126235"}],"wp:term":[{"taxonomy":"category","embeddable":true,"href":"https:\/\/eldiariodesanpedro.com.ar\/sitio\/wp-json\/wp\/v2\/categories?post=126235"},{"taxonomy":"post_tag","embeddable":true,"href":"https:\/\/eldiariodesanpedro.com.ar\/sitio\/wp-json\/wp\/v2\/tags?post=126235"}],"curies":[{"name":"wp","href":"https:\/\/api.w.org\/{rel}","templated":true}]}}