{"id":126232,"date":"2024-02-21T15:27:37","date_gmt":"2024-02-21T18:27:37","guid":{"rendered":"https:\/\/eldiariodesanpedro.com.ar\/sitio\/?p=126232"},"modified":"2024-02-21T15:27:39","modified_gmt":"2024-02-21T18:27:39","slug":"rivas-reflota-el-pedido-para-que-la-ex-terminal-sea-sede-del-conservatorio","status":"publish","type":"post","link":"https:\/\/eldiariodesanpedro.com.ar\/sitio\/rivas-reflota-el-pedido-para-que-la-ex-terminal-sea-sede-del-conservatorio\/","title":{"rendered":"Rivas reflota el pedido para que la ex terminal sea sede del Conservatorio"},"content":{"rendered":"<!-- VideographyWP Plugin Message: Automatic video embedding prevented by plugin options. -->\n\n<p>El concejal Mart\u00edn Rivas, del bloque Juntos por el Cambio, ha presentado un proyecto de ordenanza para destinar el Fondo de Fortalecimiento Fiscal Municipal a la remodelaci\u00f3n de la ex terminal de \u00f3mnibus. Adem\u00e1s, propone que este espacio sea asignado como la nueva sede del Conservatorio Provincial de M\u00fasica \u00abCarlos Guastavino\u00bb, reviviendo as\u00ed una iniciativa anteriormente considerada.<\/p>\n\n\n\n<p>Previamente, se estaba avanzando en un proyecto para utilizar el edificio de Gomendio y Oliveira Cezar como sede para las carreras del Centro Universitario Regional, hasta el cambio de gobierno nacional.<\/p>\n\n\n\n<p>Rivas subraya la importancia del Conservatorio para la vida cultural y educativa de la ciudad, y argumenta que despu\u00e9s de 38 a\u00f1os de su fundaci\u00f3n, merece apoyo para atender las necesidades educativas de sus 400 alumnos anuales.<\/p>\n\n\n\n<p>En su propuesta, Rivas establece que el Departamento Ejecutivo Municipal y el Consejo Escolar trabajar\u00e1n junto con la Direcci\u00f3n del establecimiento para determinar las caracter\u00edsticas edilicias necesarias para el adecuado desarrollo de las actividades educativas, previa inspecci\u00f3n del lugar con la asistencia de profesionales.<\/p>\n\n\n\n<p>Por otra parte, el concejal de la oposici\u00f3n ha presentado una resoluci\u00f3n para establecer una guardia de serenos y servicios b\u00e1sicos de limpieza en respuesta a solicitudes de los residentes locales.<\/p>\n","protected":false},"excerpt":{"rendered":"<p>El concejal Mart\u00edn Rivas, del bloque Juntos por el Cambio, ha presentado un proyecto de ordenanza para destinar el Fondo de Fortalecimiento Fiscal Municipal a la remodelaci\u00f3n de la ex terminal de \u00f3mnibus. Adem\u00e1s, propone que este espacio sea asignado como la nueva sede del Conservatorio Provincial de M\u00fasica \u00abCarlos Guastavino\u00bb, reviviendo as\u00ed una iniciativa [&hellip;]<\/p>\n","protected":false},"author":4,"featured_media":126233,"comment_status":"closed","ping_status":"closed","sticky":false,"template":"","format":"standard","meta":{"om_disable_all_campaigns":false,"_jetpack_memberships_contains_paid_content":false,"footnotes":""},"categories":[50,101,2],"tags":[],"class_list":["post-126232","post","type-post","status-publish","format-standard","has-post-thumbnail","hentry","category-destacadas","category-interes-general-locales","category-locales"],"aioseo_notices":[],"gutentor_comment":0,"jetpack_featured_media_url":"https:\/\/eldiariodesanpedro.com.ar\/sitio\/wp-content\/uploads\/2024\/02\/Rivas-conservatorio-.jpg","jetpack_shortlink":"https:\/\/wp.me\/p6RhLt-wQ0","jetpack_sharing_enabled":true,"_links":{"self":[{"href":"https:\/\/eldiariodesanpedro.com.ar\/sitio\/wp-json\/wp\/v2\/posts\/126232","targetHints":{"allow":["GET"]}}],"collection":[{"href":"https:\/\/eldiariodesanpedro.com.ar\/sitio\/wp-json\/wp\/v2\/posts"}],"about":[{"href":"https:\/\/eldiariodesanpedro.com.ar\/sitio\/wp-json\/wp\/v2\/types\/post"}],"author":[{"embeddable":true,"href":"https:\/\/eldiariodesanpedro.com.ar\/sitio\/wp-json\/wp\/v2\/users\/4"}],"replies":[{"embeddable":true,"href":"https:\/\/eldiariodesanpedro.com.ar\/sitio\/wp-json\/wp\/v2\/comments?post=126232"}],"version-history":[{"count":1,"href":"https:\/\/eldiariodesanpedro.com.ar\/sitio\/wp-json\/wp\/v2\/posts\/126232\/revisions"}],"predecessor-version":[{"id":126234,"href":"https:\/\/eldiariodesanpedro.com.ar\/sitio\/wp-json\/wp\/v2\/posts\/126232\/revisions\/126234"}],"wp:featuredmedia":[{"embeddable":true,"href":"https:\/\/eldiariodesanpedro.com.ar\/sitio\/wp-json\/wp\/v2\/media\/126233"}],"wp:attachment":[{"href":"https:\/\/eldiariodesanpedro.com.ar\/sitio\/wp-json\/wp\/v2\/media?parent=126232"}],"wp:term":[{"taxonomy":"category","embeddable":true,"href":"https:\/\/eldiariodesanpedro.com.ar\/sitio\/wp-json\/wp\/v2\/categories?post=126232"},{"taxonomy":"post_tag","embeddable":true,"href":"https:\/\/eldiariodesanpedro.com.ar\/sitio\/wp-json\/wp\/v2\/tags?post=126232"}],"curies":[{"name":"wp","href":"https:\/\/api.w.org\/{rel}","templated":true}]}}