{"id":126228,"date":"2024-02-21T15:15:26","date_gmt":"2024-02-21T18:15:26","guid":{"rendered":"https:\/\/eldiariodesanpedro.com.ar\/sitio\/?p=126228"},"modified":"2024-02-21T15:15:28","modified_gmt":"2024-02-21T18:15:28","slug":"baradero-capturaron-a-dos-de-los-involucrados-en-un-violento-asalto-en-alsina","status":"publish","type":"post","link":"https:\/\/eldiariodesanpedro.com.ar\/sitio\/baradero-capturaron-a-dos-de-los-involucrados-en-un-violento-asalto-en-alsina\/","title":{"rendered":"BARADERO | Capturaron a dos de los involucrados en un violento asalto en Alsina"},"content":{"rendered":"<!-- VideographyWP Plugin Message: Automatic video embedding prevented by plugin options. -->\n\n<p>En Alsina, un hombre de 70 a\u00f1os fue v\u00edctima de un robo perpetrado por tres individuos armados mientras dorm\u00eda en su hogar. Durante el incidente, los delincuentes tambi\u00e9n ataron a su yerno de 26 a\u00f1os. Los intrusos ingresaron a la casa tras forzar una ventana.<\/p>\n\n\n\n<p>La v\u00edctima logr\u00f3 escapar y se refugi\u00f3 en un Toyota Corolla negro, creyendo err\u00f3neamente que era el veh\u00edculo de su hija, que posee un autom\u00f3vil similar. Con este veh\u00edculo, lleg\u00f3 a un destacamento policial para informar sobre el incidente. Mientras tanto, los ladrones huyeron del lugar con 800 mil pesos en efectivo y un tel\u00e9fono m\u00f3vil.<\/p>\n\n\n\n<p>Posteriormente, se determin\u00f3 que el propietario del Corolla usado por la v\u00edctima era en realidad uno de los delincuentes. Con esta informaci\u00f3n, la Fiscal\u00eda solicit\u00f3 un allanamiento, que fue llevado a cabo por la DDI en una residencia ubicada en O&#8217;Higgins al 1.000 de Z\u00e1rate, en las primeras horas de la ma\u00f1ana.<\/p>\n\n\n\n<p>Durante el allanamiento, la polic\u00eda incaut\u00f3 dos pistolas calibre 9 mm (una Bersa y una Beretta), 107 municiones del mismo calibre, 348.700 pesos en efectivo y varias prendas de vestir. Un hombre de 33 a\u00f1os fue arrestado en el lugar, mientras que otro de 42, de nacionalidad chilena e indocumentado, fue detenido y qued\u00f3 bajo la jurisdicci\u00f3n de la Unidad Fiscal 8, dirigida por el Dr. Hern\u00e1n Granda.<\/p>\n\n\n\n<figure class=\"wp-block-image size-large\"><img decoding=\"async\" width=\"1024\" height=\"576\" data-attachment-id=\"126230\" data-permalink=\"https:\/\/eldiariodesanpedro.com.ar\/sitio\/baradero-capturaron-a-dos-de-los-involucrados-en-un-violento-asalto-en-alsina\/detenidos-caso-alsina-1\/\" data-orig-file=\"https:\/\/eldiariodesanpedro.com.ar\/sitio\/wp-content\/uploads\/2024\/02\/Detenidos-caso-Alsina-1.jpg\" data-orig-size=\"1120,630\" data-comments-opened=\"0\" data-image-meta=\"{&quot;aperture&quot;:&quot;0&quot;,&quot;credit&quot;:&quot;&quot;,&quot;camera&quot;:&quot;&quot;,&quot;caption&quot;:&quot;&quot;,&quot;created_timestamp&quot;:&quot;0&quot;,&quot;copyright&quot;:&quot;&quot;,&quot;focal_length&quot;:&quot;0&quot;,&quot;iso&quot;:&quot;0&quot;,&quot;shutter_speed&quot;:&quot;0&quot;,&quot;title&quot;:&quot;&quot;,&quot;orientation&quot;:&quot;0&quot;}\" data-image-title=\"Detenidos caso Alsina 1\" data-image-description=\"\" data-image-caption=\"\" data-large-file=\"https:\/\/eldiariodesanpedro.com.ar\/sitio\/wp-content\/uploads\/2024\/02\/Detenidos-caso-Alsina-1-1024x576.jpg\" data-src=\"https:\/\/eldiariodesanpedro.com.ar\/sitio\/wp-content\/uploads\/2024\/02\/Detenidos-caso-Alsina-1-1024x576.jpg\" alt=\"\" class=\"wp-image-126230 lazyload\" data-srcset=\"https:\/\/eldiariodesanpedro.com.ar\/sitio\/wp-content\/uploads\/2024\/02\/Detenidos-caso-Alsina-1-1024x576.jpg 1024w, https:\/\/eldiariodesanpedro.com.ar\/sitio\/wp-content\/uploads\/2024\/02\/Detenidos-caso-Alsina-1-300x169.jpg 300w, https:\/\/eldiariodesanpedro.com.ar\/sitio\/wp-content\/uploads\/2024\/02\/Detenidos-caso-Alsina-1-768x432.jpg 768w, https:\/\/eldiariodesanpedro.com.ar\/sitio\/wp-content\/uploads\/2024\/02\/Detenidos-caso-Alsina-1.jpg 1120w\" data-sizes=\"(max-width: 1024px) 100vw, 1024px\" src=\"data:image\/svg+xml;base64,PHN2ZyB3aWR0aD0iMSIgaGVpZ2h0PSIxIiB4bWxucz0iaHR0cDovL3d3dy53My5vcmcvMjAwMC9zdmciPjwvc3ZnPg==\" style=\"--smush-placeholder-width: 1024px; --smush-placeholder-aspect-ratio: 1024\/576;\" \/><\/figure>\n","protected":false},"excerpt":{"rendered":"<p>En Alsina, un hombre de 70 a\u00f1os fue v\u00edctima de un robo perpetrado por tres individuos armados mientras dorm\u00eda en su hogar. Durante el incidente, los delincuentes tambi\u00e9n ataron a su yerno de 26 a\u00f1os. Los intrusos ingresaron a la casa tras forzar una ventana. La v\u00edctima logr\u00f3 escapar y se refugi\u00f3 en un Toyota [&hellip;]<\/p>\n","protected":false},"author":4,"featured_media":126229,"comment_status":"closed","ping_status":"closed","sticky":false,"template":"","format":"standard","meta":{"om_disable_all_campaigns":false,"_jetpack_memberships_contains_paid_content":false,"footnotes":""},"categories":[621],"tags":[4744],"class_list":["post-126228","post","type-post","status-publish","format-standard","has-post-thumbnail","hentry","category-regionales","tag-capturaron-a-dos-de-los-involucrados-en-un-violento-asalto-en-alsina"],"aioseo_notices":[],"gutentor_comment":0,"jetpack_featured_media_url":"https:\/\/eldiariodesanpedro.com.ar\/sitio\/wp-content\/uploads\/2024\/02\/Detenidos-caso-Alsina-.jpg","jetpack_shortlink":"https:\/\/wp.me\/p6RhLt-wPW","jetpack_sharing_enabled":true,"_links":{"self":[{"href":"https:\/\/eldiariodesanpedro.com.ar\/sitio\/wp-json\/wp\/v2\/posts\/126228","targetHints":{"allow":["GET"]}}],"collection":[{"href":"https:\/\/eldiariodesanpedro.com.ar\/sitio\/wp-json\/wp\/v2\/posts"}],"about":[{"href":"https:\/\/eldiariodesanpedro.com.ar\/sitio\/wp-json\/wp\/v2\/types\/post"}],"author":[{"embeddable":true,"href":"https:\/\/eldiariodesanpedro.com.ar\/sitio\/wp-json\/wp\/v2\/users\/4"}],"replies":[{"embeddable":true,"href":"https:\/\/eldiariodesanpedro.com.ar\/sitio\/wp-json\/wp\/v2\/comments?post=126228"}],"version-history":[{"count":1,"href":"https:\/\/eldiariodesanpedro.com.ar\/sitio\/wp-json\/wp\/v2\/posts\/126228\/revisions"}],"predecessor-version":[{"id":126231,"href":"https:\/\/eldiariodesanpedro.com.ar\/sitio\/wp-json\/wp\/v2\/posts\/126228\/revisions\/126231"}],"wp:featuredmedia":[{"embeddable":true,"href":"https:\/\/eldiariodesanpedro.com.ar\/sitio\/wp-json\/wp\/v2\/media\/126229"}],"wp:attachment":[{"href":"https:\/\/eldiariodesanpedro.com.ar\/sitio\/wp-json\/wp\/v2\/media?parent=126228"}],"wp:term":[{"taxonomy":"category","embeddable":true,"href":"https:\/\/eldiariodesanpedro.com.ar\/sitio\/wp-json\/wp\/v2\/categories?post=126228"},{"taxonomy":"post_tag","embeddable":true,"href":"https:\/\/eldiariodesanpedro.com.ar\/sitio\/wp-json\/wp\/v2\/tags?post=126228"}],"curies":[{"name":"wp","href":"https:\/\/api.w.org\/{rel}","templated":true}]}}