{"id":126226,"date":"2024-02-21T15:02:30","date_gmt":"2024-02-21T18:02:30","guid":{"rendered":"https:\/\/eldiariodesanpedro.com.ar\/sitio\/?p=126226"},"modified":"2024-02-21T15:02:32","modified_gmt":"2024-02-21T18:02:32","slug":"delincuentes-ignorados-robaron-en-una-despensa-esta-madrugada","status":"publish","type":"post","link":"https:\/\/eldiariodesanpedro.com.ar\/sitio\/delincuentes-ignorados-robaron-en-una-despensa-esta-madrugada\/","title":{"rendered":"Delincuentes ignorados robaron en una despensa esta madrugada"},"content":{"rendered":"<!-- VideographyWP Plugin Message: Automatic video embedding prevented by plugin options. -->\n\n<p>En la ma\u00f1ana de hoy, agentes de polic\u00eda acudieron a un establecimiento comercial en la intersecci\u00f3n de las calles Boulevard Moreno y Ansaloni, dedicado a la venta de productos de despensa y verduler\u00eda. El local se hallaba cerrado en el momento de la llegada de las autoridades. <\/p>\n\n\n\n<p>La propietaria, una mujer de 48 a\u00f1os, fue entrevistada y mencion\u00f3 haber recibido una llamada de alerta por parte de los vecinos. Estos informaron que dos individuos hab\u00edan ingresado al local tras forzar la entrada y sustrajeron dinero de la caja registradora. La fiscal\u00eda local ha sido notificada y est\u00e1 llevando a cabo las investigaciones pertinentes.<\/p>\n","protected":false},"excerpt":{"rendered":"<p>En la ma\u00f1ana de hoy, agentes de polic\u00eda acudieron a un establecimiento comercial en la intersecci\u00f3n de las calles Boulevard Moreno y Ansaloni, dedicado a la venta de productos de despensa y verduler\u00eda. El local se hallaba cerrado en el momento de la llegada de las autoridades. La propietaria, una mujer de 48 a\u00f1os, fue [&hellip;]<\/p>\n","protected":false},"author":4,"featured_media":78774,"comment_status":"closed","ping_status":"closed","sticky":false,"template":"","format":"standard","meta":{"om_disable_all_campaigns":false,"_jetpack_memberships_contains_paid_content":false,"footnotes":""},"categories":[2,103],"tags":[],"class_list":["post-126226","post","type-post","status-publish","format-standard","has-post-thumbnail","hentry","category-locales","category-policiales-locales"],"aioseo_notices":[],"gutentor_comment":0,"jetpack_featured_media_url":"https:\/\/eldiariodesanpedro.com.ar\/sitio\/wp-content\/uploads\/2020\/08\/Policia-de-noche-2014-695x510-1.jpg","jetpack_shortlink":"https:\/\/wp.me\/p6RhLt-wPU","jetpack_sharing_enabled":true,"_links":{"self":[{"href":"https:\/\/eldiariodesanpedro.com.ar\/sitio\/wp-json\/wp\/v2\/posts\/126226","targetHints":{"allow":["GET"]}}],"collection":[{"href":"https:\/\/eldiariodesanpedro.com.ar\/sitio\/wp-json\/wp\/v2\/posts"}],"about":[{"href":"https:\/\/eldiariodesanpedro.com.ar\/sitio\/wp-json\/wp\/v2\/types\/post"}],"author":[{"embeddable":true,"href":"https:\/\/eldiariodesanpedro.com.ar\/sitio\/wp-json\/wp\/v2\/users\/4"}],"replies":[{"embeddable":true,"href":"https:\/\/eldiariodesanpedro.com.ar\/sitio\/wp-json\/wp\/v2\/comments?post=126226"}],"version-history":[{"count":1,"href":"https:\/\/eldiariodesanpedro.com.ar\/sitio\/wp-json\/wp\/v2\/posts\/126226\/revisions"}],"predecessor-version":[{"id":126227,"href":"https:\/\/eldiariodesanpedro.com.ar\/sitio\/wp-json\/wp\/v2\/posts\/126226\/revisions\/126227"}],"wp:featuredmedia":[{"embeddable":true,"href":"https:\/\/eldiariodesanpedro.com.ar\/sitio\/wp-json\/wp\/v2\/media\/78774"}],"wp:attachment":[{"href":"https:\/\/eldiariodesanpedro.com.ar\/sitio\/wp-json\/wp\/v2\/media?parent=126226"}],"wp:term":[{"taxonomy":"category","embeddable":true,"href":"https:\/\/eldiariodesanpedro.com.ar\/sitio\/wp-json\/wp\/v2\/categories?post=126226"},{"taxonomy":"post_tag","embeddable":true,"href":"https:\/\/eldiariodesanpedro.com.ar\/sitio\/wp-json\/wp\/v2\/tags?post=126226"}],"curies":[{"name":"wp","href":"https:\/\/api.w.org\/{rel}","templated":true}]}}