{"id":126223,"date":"2024-02-21T14:52:48","date_gmt":"2024-02-21T17:52:48","guid":{"rendered":"https:\/\/eldiariodesanpedro.com.ar\/sitio\/?p=126223"},"modified":"2024-02-21T14:52:50","modified_gmt":"2024-02-21T17:52:50","slug":"un-ciudadano-denuncio-que-su-hijo-menor-fue-golpeado-y-su-familia-amenazada-de-muerte","status":"publish","type":"post","link":"https:\/\/eldiariodesanpedro.com.ar\/sitio\/un-ciudadano-denuncio-que-su-hijo-menor-fue-golpeado-y-su-familia-amenazada-de-muerte\/","title":{"rendered":"Un ciudadano denunci\u00f3 que su hijo menor fue golpeado y su familia amenazada de muerte"},"content":{"rendered":"<!-- VideographyWP Plugin Message: Automatic video embedding prevented by plugin options. -->\n\n<p>Una mujer de 35 a\u00f1os present\u00f3 una denuncia ayer, reportando que su hijo de 16 a\u00f1os fue agredido en la cara con un pu\u00f1etazo por un hombre mayor en la v\u00eda p\u00fablica. El agresor sigui\u00f3 al joven hasta su casa en la calle Casella 900, donde profiri\u00f3 amenazas verbales contra \u00e9l y su madre. La fiscal\u00eda local ha intervenido en el caso.<\/p>\n","protected":false},"excerpt":{"rendered":"<p>Una mujer de 35 a\u00f1os present\u00f3 una denuncia ayer, reportando que su hijo de 16 a\u00f1os fue agredido en la cara con un pu\u00f1etazo por un hombre mayor en la v\u00eda p\u00fablica. El agresor sigui\u00f3 al joven hasta su casa en la calle Casella 900, donde profiri\u00f3 amenazas verbales contra \u00e9l y su madre. La [&hellip;]<\/p>\n","protected":false},"author":4,"featured_media":103679,"comment_status":"closed","ping_status":"closed","sticky":false,"template":"","format":"standard","meta":{"om_disable_all_campaigns":false,"_jetpack_memberships_contains_paid_content":false,"footnotes":""},"categories":[2,103],"tags":[],"class_list":["post-126223","post","type-post","status-publish","format-standard","has-post-thumbnail","hentry","category-locales","category-policiales-locales"],"aioseo_notices":[],"gutentor_comment":0,"jetpack_featured_media_url":"https:\/\/eldiariodesanpedro.com.ar\/sitio\/wp-content\/uploads\/2022\/02\/comisaria_san_pedro.jpg","jetpack_shortlink":"https:\/\/wp.me\/p6RhLt-wPR","jetpack_sharing_enabled":true,"_links":{"self":[{"href":"https:\/\/eldiariodesanpedro.com.ar\/sitio\/wp-json\/wp\/v2\/posts\/126223","targetHints":{"allow":["GET"]}}],"collection":[{"href":"https:\/\/eldiariodesanpedro.com.ar\/sitio\/wp-json\/wp\/v2\/posts"}],"about":[{"href":"https:\/\/eldiariodesanpedro.com.ar\/sitio\/wp-json\/wp\/v2\/types\/post"}],"author":[{"embeddable":true,"href":"https:\/\/eldiariodesanpedro.com.ar\/sitio\/wp-json\/wp\/v2\/users\/4"}],"replies":[{"embeddable":true,"href":"https:\/\/eldiariodesanpedro.com.ar\/sitio\/wp-json\/wp\/v2\/comments?post=126223"}],"version-history":[{"count":1,"href":"https:\/\/eldiariodesanpedro.com.ar\/sitio\/wp-json\/wp\/v2\/posts\/126223\/revisions"}],"predecessor-version":[{"id":126224,"href":"https:\/\/eldiariodesanpedro.com.ar\/sitio\/wp-json\/wp\/v2\/posts\/126223\/revisions\/126224"}],"wp:featuredmedia":[{"embeddable":true,"href":"https:\/\/eldiariodesanpedro.com.ar\/sitio\/wp-json\/wp\/v2\/media\/103679"}],"wp:attachment":[{"href":"https:\/\/eldiariodesanpedro.com.ar\/sitio\/wp-json\/wp\/v2\/media?parent=126223"}],"wp:term":[{"taxonomy":"category","embeddable":true,"href":"https:\/\/eldiariodesanpedro.com.ar\/sitio\/wp-json\/wp\/v2\/categories?post=126223"},{"taxonomy":"post_tag","embeddable":true,"href":"https:\/\/eldiariodesanpedro.com.ar\/sitio\/wp-json\/wp\/v2\/tags?post=126223"}],"curies":[{"name":"wp","href":"https:\/\/api.w.org\/{rel}","templated":true}]}}