{"id":126220,"date":"2024-02-21T14:45:36","date_gmt":"2024-02-21T17:45:36","guid":{"rendered":"https:\/\/eldiariodesanpedro.com.ar\/sitio\/?p=126220"},"modified":"2024-02-21T14:45:39","modified_gmt":"2024-02-21T17:45:39","slug":"robaron-en-el-sueno-del-tano","status":"publish","type":"post","link":"https:\/\/eldiariodesanpedro.com.ar\/sitio\/robaron-en-el-sueno-del-tano\/","title":{"rendered":"Robaron en \u00abEl Sue\u00f1o del Tano\u00bb"},"content":{"rendered":"<!-- VideographyWP Plugin Message: Automatic video embedding prevented by plugin options. -->\n\n<p>Ayer, un hombre de 72 a\u00f1os report\u00f3 un robo en el Parque Art\u00edstico y Museo conocido como \u00abEl sue\u00f1o del Tanto\u00bb. Durante la ma\u00f1ana, al llegar a trabajar, descubri\u00f3 que hab\u00edan entrado al taller del museo despu\u00e9s de forzar una ventana y romper el vidrio. Se llevaron electrodom\u00e9sticos y herramientas. La Unidad Fiscal de Instrucci\u00f3n local est\u00e1 investigando el caso.<\/p>\n","protected":false},"excerpt":{"rendered":"<p>Ayer, un hombre de 72 a\u00f1os report\u00f3 un robo en el Parque Art\u00edstico y Museo conocido como \u00abEl sue\u00f1o del Tanto\u00bb. Durante la ma\u00f1ana, al llegar a trabajar, descubri\u00f3 que hab\u00edan entrado al taller del museo despu\u00e9s de forzar una ventana y romper el vidrio. Se llevaron electrodom\u00e9sticos y herramientas. La Unidad Fiscal de Instrucci\u00f3n [&hellip;]<\/p>\n","protected":false},"author":4,"featured_media":126221,"comment_status":"closed","ping_status":"closed","sticky":false,"template":"","format":"standard","meta":{"om_disable_all_campaigns":false,"_jetpack_memberships_contains_paid_content":false,"footnotes":""},"categories":[50,2,103],"tags":[],"class_list":["post-126220","post","type-post","status-publish","format-standard","has-post-thumbnail","hentry","category-destacadas","category-locales","category-policiales-locales"],"aioseo_notices":[],"gutentor_comment":0,"jetpack_featured_media_url":"https:\/\/eldiariodesanpedro.com.ar\/sitio\/wp-content\/uploads\/2024\/02\/parque_tano-15.jpg","jetpack_shortlink":"https:\/\/wp.me\/p6RhLt-wPO","jetpack_sharing_enabled":true,"_links":{"self":[{"href":"https:\/\/eldiariodesanpedro.com.ar\/sitio\/wp-json\/wp\/v2\/posts\/126220","targetHints":{"allow":["GET"]}}],"collection":[{"href":"https:\/\/eldiariodesanpedro.com.ar\/sitio\/wp-json\/wp\/v2\/posts"}],"about":[{"href":"https:\/\/eldiariodesanpedro.com.ar\/sitio\/wp-json\/wp\/v2\/types\/post"}],"author":[{"embeddable":true,"href":"https:\/\/eldiariodesanpedro.com.ar\/sitio\/wp-json\/wp\/v2\/users\/4"}],"replies":[{"embeddable":true,"href":"https:\/\/eldiariodesanpedro.com.ar\/sitio\/wp-json\/wp\/v2\/comments?post=126220"}],"version-history":[{"count":1,"href":"https:\/\/eldiariodesanpedro.com.ar\/sitio\/wp-json\/wp\/v2\/posts\/126220\/revisions"}],"predecessor-version":[{"id":126222,"href":"https:\/\/eldiariodesanpedro.com.ar\/sitio\/wp-json\/wp\/v2\/posts\/126220\/revisions\/126222"}],"wp:featuredmedia":[{"embeddable":true,"href":"https:\/\/eldiariodesanpedro.com.ar\/sitio\/wp-json\/wp\/v2\/media\/126221"}],"wp:attachment":[{"href":"https:\/\/eldiariodesanpedro.com.ar\/sitio\/wp-json\/wp\/v2\/media?parent=126220"}],"wp:term":[{"taxonomy":"category","embeddable":true,"href":"https:\/\/eldiariodesanpedro.com.ar\/sitio\/wp-json\/wp\/v2\/categories?post=126220"},{"taxonomy":"post_tag","embeddable":true,"href":"https:\/\/eldiariodesanpedro.com.ar\/sitio\/wp-json\/wp\/v2\/tags?post=126220"}],"curies":[{"name":"wp","href":"https:\/\/api.w.org\/{rel}","templated":true}]}}