{"id":126216,"date":"2024-02-21T14:26:21","date_gmt":"2024-02-21T17:26:21","guid":{"rendered":"https:\/\/eldiariodesanpedro.com.ar\/sitio\/?p=126216"},"modified":"2024-02-21T14:26:55","modified_gmt":"2024-02-21T17:26:55","slug":"operativos-policailes-en-barrio-conflictivos-un-aprehendido","status":"publish","type":"post","link":"https:\/\/eldiariodesanpedro.com.ar\/sitio\/operativos-policailes-en-barrio-conflictivos-un-aprehendido\/","title":{"rendered":"Operativos policiales en barrio conflictivos: un aprehendido"},"content":{"rendered":"<!-- VideographyWP Plugin Message: Automatic video embedding prevented by plugin options. -->\n\n<p>Durante la noche, como parte del operativo de prevenci\u00f3n policial en zonas de barrios conflictivos, agentes policiales detuvieron a un hombre de 43 a\u00f1os en la intersecci\u00f3n de las calles Cruz Roja y B. Moreno. Se le confisc\u00f3 un cuchillo tipo fac\u00f3n. La intervenci\u00f3n del juzgado de paz est\u00e1 en curso.<\/p>\n","protected":false},"excerpt":{"rendered":"<p>Durante la noche, como parte del operativo de prevenci\u00f3n policial en zonas de barrios conflictivos, agentes policiales detuvieron a un hombre de 43 a\u00f1os en la intersecci\u00f3n de las calles Cruz Roja y B. Moreno. Se le confisc\u00f3 un cuchillo tipo fac\u00f3n. La intervenci\u00f3n del juzgado de paz est\u00e1 en curso.<\/p>\n","protected":false},"author":4,"featured_media":126217,"comment_status":"closed","ping_status":"closed","sticky":false,"template":"","format":"standard","meta":{"om_disable_all_campaigns":false,"_jetpack_memberships_contains_paid_content":false,"footnotes":""},"categories":[2,103],"tags":[],"class_list":["post-126216","post","type-post","status-publish","format-standard","has-post-thumbnail","hentry","category-locales","category-policiales-locales"],"aioseo_notices":[],"gutentor_comment":0,"jetpack_featured_media_url":"https:\/\/eldiariodesanpedro.com.ar\/sitio\/wp-content\/uploads\/2024\/02\/medida-31.jpg","jetpack_shortlink":"https:\/\/wp.me\/p6RhLt-wPK","jetpack_sharing_enabled":true,"_links":{"self":[{"href":"https:\/\/eldiariodesanpedro.com.ar\/sitio\/wp-json\/wp\/v2\/posts\/126216","targetHints":{"allow":["GET"]}}],"collection":[{"href":"https:\/\/eldiariodesanpedro.com.ar\/sitio\/wp-json\/wp\/v2\/posts"}],"about":[{"href":"https:\/\/eldiariodesanpedro.com.ar\/sitio\/wp-json\/wp\/v2\/types\/post"}],"author":[{"embeddable":true,"href":"https:\/\/eldiariodesanpedro.com.ar\/sitio\/wp-json\/wp\/v2\/users\/4"}],"replies":[{"embeddable":true,"href":"https:\/\/eldiariodesanpedro.com.ar\/sitio\/wp-json\/wp\/v2\/comments?post=126216"}],"version-history":[{"count":2,"href":"https:\/\/eldiariodesanpedro.com.ar\/sitio\/wp-json\/wp\/v2\/posts\/126216\/revisions"}],"predecessor-version":[{"id":126219,"href":"https:\/\/eldiariodesanpedro.com.ar\/sitio\/wp-json\/wp\/v2\/posts\/126216\/revisions\/126219"}],"wp:featuredmedia":[{"embeddable":true,"href":"https:\/\/eldiariodesanpedro.com.ar\/sitio\/wp-json\/wp\/v2\/media\/126217"}],"wp:attachment":[{"href":"https:\/\/eldiariodesanpedro.com.ar\/sitio\/wp-json\/wp\/v2\/media?parent=126216"}],"wp:term":[{"taxonomy":"category","embeddable":true,"href":"https:\/\/eldiariodesanpedro.com.ar\/sitio\/wp-json\/wp\/v2\/categories?post=126216"},{"taxonomy":"post_tag","embeddable":true,"href":"https:\/\/eldiariodesanpedro.com.ar\/sitio\/wp-json\/wp\/v2\/tags?post=126216"}],"curies":[{"name":"wp","href":"https:\/\/api.w.org\/{rel}","templated":true}]}}