{"id":126213,"date":"2024-02-21T14:04:58","date_gmt":"2024-02-21T17:04:58","guid":{"rendered":"https:\/\/eldiariodesanpedro.com.ar\/sitio\/?p=126213"},"modified":"2024-02-21T14:05:00","modified_gmt":"2024-02-21T17:05:00","slug":"un-aprehendido-por-robo-en-supermercado-accion-rapida-del-personal-policial","status":"publish","type":"post","link":"https:\/\/eldiariodesanpedro.com.ar\/sitio\/un-aprehendido-por-robo-en-supermercado-accion-rapida-del-personal-policial\/","title":{"rendered":"Un aprehendido por robo en supermercado: acci\u00f3n r\u00e1pida del personal policial"},"content":{"rendered":"<!-- VideographyWP Plugin Message: Automatic video embedding prevented by plugin options. -->\n\n<p>En el d\u00eda de ayer, alrededor del mediod\u00eda, personal policial respondi\u00f3 a una llamada al 911 y, tras una r\u00e1pida acci\u00f3n en la calle Belgrano 800, detuvo a un hombre de 49 a\u00f1os. El individuo hab\u00eda sido sorprendido momentos antes sustrayendo productos comestibles de un supermercado ubicado en la calle Ituzaingo N\u00b0 300, propiedad de un hombre de 28 a\u00f1os. Despu\u00e9s de la detenci\u00f3n, se ingresaron los datos personales del hombre al sistema inform\u00e1tico, donde se encontraron m\u00faltiples antecedentes previos. La autoridad competente en el \u00e1rea local est\u00e1 llevando a cabo las acciones pertinentes en este caso.<\/p>\n","protected":false},"excerpt":{"rendered":"<p>En el d\u00eda de ayer, alrededor del mediod\u00eda, personal policial respondi\u00f3 a una llamada al 911 y, tras una r\u00e1pida acci\u00f3n en la calle Belgrano 800, detuvo a un hombre de 49 a\u00f1os. El individuo hab\u00eda sido sorprendido momentos antes sustrayendo productos comestibles de un supermercado ubicado en la calle Ituzaingo N\u00b0 300, propiedad de [&hellip;]<\/p>\n","protected":false},"author":4,"featured_media":126214,"comment_status":"closed","ping_status":"closed","sticky":false,"template":"","format":"standard","meta":{"om_disable_all_campaigns":false,"_jetpack_memberships_contains_paid_content":false,"footnotes":""},"categories":[50,2,103],"tags":[197,33,95,19],"class_list":["post-126213","post","type-post","status-publish","format-standard","has-post-thumbnail","hentry","category-destacadas","category-locales","category-policiales-locales","tag-buenos-aires","tag-locales","tag-policiales","tag-san-pedro"],"aioseo_notices":[],"gutentor_comment":0,"jetpack_featured_media_url":"https:\/\/eldiariodesanpedro.com.ar\/sitio\/wp-content\/uploads\/2024\/02\/medida-30.jpg","jetpack_shortlink":"https:\/\/wp.me\/p6RhLt-wPH","jetpack_sharing_enabled":true,"_links":{"self":[{"href":"https:\/\/eldiariodesanpedro.com.ar\/sitio\/wp-json\/wp\/v2\/posts\/126213","targetHints":{"allow":["GET"]}}],"collection":[{"href":"https:\/\/eldiariodesanpedro.com.ar\/sitio\/wp-json\/wp\/v2\/posts"}],"about":[{"href":"https:\/\/eldiariodesanpedro.com.ar\/sitio\/wp-json\/wp\/v2\/types\/post"}],"author":[{"embeddable":true,"href":"https:\/\/eldiariodesanpedro.com.ar\/sitio\/wp-json\/wp\/v2\/users\/4"}],"replies":[{"embeddable":true,"href":"https:\/\/eldiariodesanpedro.com.ar\/sitio\/wp-json\/wp\/v2\/comments?post=126213"}],"version-history":[{"count":1,"href":"https:\/\/eldiariodesanpedro.com.ar\/sitio\/wp-json\/wp\/v2\/posts\/126213\/revisions"}],"predecessor-version":[{"id":126215,"href":"https:\/\/eldiariodesanpedro.com.ar\/sitio\/wp-json\/wp\/v2\/posts\/126213\/revisions\/126215"}],"wp:featuredmedia":[{"embeddable":true,"href":"https:\/\/eldiariodesanpedro.com.ar\/sitio\/wp-json\/wp\/v2\/media\/126214"}],"wp:attachment":[{"href":"https:\/\/eldiariodesanpedro.com.ar\/sitio\/wp-json\/wp\/v2\/media?parent=126213"}],"wp:term":[{"taxonomy":"category","embeddable":true,"href":"https:\/\/eldiariodesanpedro.com.ar\/sitio\/wp-json\/wp\/v2\/categories?post=126213"},{"taxonomy":"post_tag","embeddable":true,"href":"https:\/\/eldiariodesanpedro.com.ar\/sitio\/wp-json\/wp\/v2\/tags?post=126213"}],"curies":[{"name":"wp","href":"https:\/\/api.w.org\/{rel}","templated":true}]}}