{"id":126209,"date":"2024-02-21T12:22:46","date_gmt":"2024-02-21T15:22:46","guid":{"rendered":"https:\/\/eldiariodesanpedro.com.ar\/sitio\/?p=126209"},"modified":"2024-02-21T12:22:48","modified_gmt":"2024-02-21T15:22:48","slug":"campana-de-vacunacion-para-caninos-y-felinos-en-el-barrio-estrada","status":"publish","type":"post","link":"https:\/\/eldiariodesanpedro.com.ar\/sitio\/campana-de-vacunacion-para-caninos-y-felinos-en-el-barrio-estrada\/","title":{"rendered":"Campa\u00f1a de vacunaci\u00f3n para caninos y felinos en el barrio Estrada"},"content":{"rendered":"<!-- VideographyWP Plugin Message: Automatic video embedding prevented by plugin options. -->\n\n<p>La Municipalidad de San Pedro, a trav\u00e9s del Departamento Canino dependiente de la Secretar\u00eda de Salud informa que, continuando con la campa\u00f1a de vacunaci\u00f3n para perros y gatos, el viernes 23 de febrero, entre las 8.30 y las 12.00 horas un equipo del \u00e1rea se establecer\u00e1 en la plaza ubicada en la intersecci\u00f3n de las calles Fray Goicoechea y Chivilcoy del barrio Estrada.<\/p>\n\n\n\n<p>Se invita a quienes deseen acercar a sus mascotas con collar, correa y bozal en caso de caninos y en bolso o manta los felinos. En caso de mal clima la actividad ser\u00e1 reprogramada.<\/p>\n\n\n\n<figure class=\"wp-block-image size-full\"><img decoding=\"async\" width=\"504\" height=\"630\" data-attachment-id=\"126210\" data-permalink=\"https:\/\/eldiariodesanpedro.com.ar\/sitio\/campana-de-vacunacion-para-caninos-y-felinos-en-el-barrio-estrada\/imagen-de-whatsapp-2024-02-21-a-las-08-35-01_0464d008\/\" data-orig-file=\"https:\/\/eldiariodesanpedro.com.ar\/sitio\/wp-content\/uploads\/2024\/02\/Imagen-de-WhatsApp-2024-02-21-a-las-08.35.01_0464d008.jpg\" data-orig-size=\"504,630\" data-comments-opened=\"0\" data-image-meta=\"{&quot;aperture&quot;:&quot;0&quot;,&quot;credit&quot;:&quot;&quot;,&quot;camera&quot;:&quot;&quot;,&quot;caption&quot;:&quot;&quot;,&quot;created_timestamp&quot;:&quot;0&quot;,&quot;copyright&quot;:&quot;&quot;,&quot;focal_length&quot;:&quot;0&quot;,&quot;iso&quot;:&quot;0&quot;,&quot;shutter_speed&quot;:&quot;0&quot;,&quot;title&quot;:&quot;&quot;,&quot;orientation&quot;:&quot;0&quot;}\" data-image-title=\"Imagen de WhatsApp 2024-02-21 a las 08.35.01_0464d008\" data-image-description=\"\" data-image-caption=\"\" data-large-file=\"https:\/\/eldiariodesanpedro.com.ar\/sitio\/wp-content\/uploads\/2024\/02\/Imagen-de-WhatsApp-2024-02-21-a-las-08.35.01_0464d008.jpg\" data-src=\"https:\/\/eldiariodesanpedro.com.ar\/sitio\/wp-content\/uploads\/2024\/02\/Imagen-de-WhatsApp-2024-02-21-a-las-08.35.01_0464d008.jpg\" alt=\"\" class=\"wp-image-126210 lazyload\" data-srcset=\"https:\/\/eldiariodesanpedro.com.ar\/sitio\/wp-content\/uploads\/2024\/02\/Imagen-de-WhatsApp-2024-02-21-a-las-08.35.01_0464d008.jpg 504w, https:\/\/eldiariodesanpedro.com.ar\/sitio\/wp-content\/uploads\/2024\/02\/Imagen-de-WhatsApp-2024-02-21-a-las-08.35.01_0464d008-240x300.jpg 240w\" data-sizes=\"(max-width: 504px) 100vw, 504px\" src=\"data:image\/svg+xml;base64,PHN2ZyB3aWR0aD0iMSIgaGVpZ2h0PSIxIiB4bWxucz0iaHR0cDovL3d3dy53My5vcmcvMjAwMC9zdmciPjwvc3ZnPg==\" style=\"--smush-placeholder-width: 504px; --smush-placeholder-aspect-ratio: 504\/630;\" \/><\/figure>\n","protected":false},"excerpt":{"rendered":"<p>La Municipalidad de San Pedro, a trav\u00e9s del Departamento Canino dependiente de la Secretar\u00eda de Salud informa que, continuando con la campa\u00f1a de vacunaci\u00f3n para perros y gatos, el viernes 23 de febrero, entre las 8.30 y las 12.00 horas un equipo del \u00e1rea se establecer\u00e1 en la plaza ubicada en la intersecci\u00f3n de las [&hellip;]<\/p>\n","protected":false},"author":4,"featured_media":96562,"comment_status":"closed","ping_status":"closed","sticky":false,"template":"","format":"standard","meta":{"om_disable_all_campaigns":false,"_jetpack_memberships_contains_paid_content":false,"footnotes":""},"categories":[101,2],"tags":[4743],"class_list":["post-126209","post","type-post","status-publish","format-standard","has-post-thumbnail","hentry","category-interes-general-locales","category-locales","tag-campana-de-vacunacion-para-caninos-y-felinos-en-el-barrio-estrada"],"aioseo_notices":[],"gutentor_comment":0,"jetpack_featured_media_url":"https:\/\/eldiariodesanpedro.com.ar\/sitio\/wp-content\/uploads\/2021\/07\/Purina-Que-vacunas-necesita-mi-gatito.jpg","jetpack_shortlink":"https:\/\/wp.me\/p6RhLt-wPD","jetpack_sharing_enabled":true,"_links":{"self":[{"href":"https:\/\/eldiariodesanpedro.com.ar\/sitio\/wp-json\/wp\/v2\/posts\/126209","targetHints":{"allow":["GET"]}}],"collection":[{"href":"https:\/\/eldiariodesanpedro.com.ar\/sitio\/wp-json\/wp\/v2\/posts"}],"about":[{"href":"https:\/\/eldiariodesanpedro.com.ar\/sitio\/wp-json\/wp\/v2\/types\/post"}],"author":[{"embeddable":true,"href":"https:\/\/eldiariodesanpedro.com.ar\/sitio\/wp-json\/wp\/v2\/users\/4"}],"replies":[{"embeddable":true,"href":"https:\/\/eldiariodesanpedro.com.ar\/sitio\/wp-json\/wp\/v2\/comments?post=126209"}],"version-history":[{"count":1,"href":"https:\/\/eldiariodesanpedro.com.ar\/sitio\/wp-json\/wp\/v2\/posts\/126209\/revisions"}],"predecessor-version":[{"id":126211,"href":"https:\/\/eldiariodesanpedro.com.ar\/sitio\/wp-json\/wp\/v2\/posts\/126209\/revisions\/126211"}],"wp:featuredmedia":[{"embeddable":true,"href":"https:\/\/eldiariodesanpedro.com.ar\/sitio\/wp-json\/wp\/v2\/media\/96562"}],"wp:attachment":[{"href":"https:\/\/eldiariodesanpedro.com.ar\/sitio\/wp-json\/wp\/v2\/media?parent=126209"}],"wp:term":[{"taxonomy":"category","embeddable":true,"href":"https:\/\/eldiariodesanpedro.com.ar\/sitio\/wp-json\/wp\/v2\/categories?post=126209"},{"taxonomy":"post_tag","embeddable":true,"href":"https:\/\/eldiariodesanpedro.com.ar\/sitio\/wp-json\/wp\/v2\/tags?post=126209"}],"curies":[{"name":"wp","href":"https:\/\/api.w.org\/{rel}","templated":true}]}}