{"id":126202,"date":"2024-02-21T11:38:23","date_gmt":"2024-02-21T14:38:23","guid":{"rendered":"https:\/\/eldiariodesanpedro.com.ar\/sitio\/?p=126202"},"modified":"2024-02-21T11:46:59","modified_gmt":"2024-02-21T14:46:59","slug":"presentacion-de-equipamiento-para-infraestructura-municipal","status":"publish","type":"post","link":"https:\/\/eldiariodesanpedro.com.ar\/sitio\/presentacion-de-equipamiento-para-infraestructura-municipal\/","title":{"rendered":"Presentaci\u00f3n de Equipamiento para Infraestructura Municipal"},"content":{"rendered":"<!-- VideographyWP Plugin Message: Automatic video embedding prevented by plugin options. -->\n\n<p>Este martes, en el Corral\u00f3n Municipal, el Intendente Cecilio Salazar encabez\u00f3 la presentaci\u00f3n de nuevo equipamiento destinado a la Secretar\u00eda de Obras y Servicios P\u00fablicos.<\/p>\n\n\n\n<p>El equipamiento presentado incluye una pala cargadora y un carret\u00f3n, adquiridos a trav\u00e9s del Plan de Mejora de los Caminos Rurales impulsado por el Ministerio de Desarrollo Agrario de la Provincia de Buenos Aires que conduce Javier Rodr\u00edguez.<\/p>\n\n\n\n<p>Estos recursos ser\u00e1n utilizados para la reparaci\u00f3n de caminos rurales y el transporte de maquinaria pesada, contribuyendo as\u00ed al mejoramiento de la infraestructura municipal.<\/p>\n\n\n\n<p>Participaron del encuentro junto al Jefe Comunal, el Jefe de Gabinete, Alfredo Carrasco; el Secretario de Obras y Servicios P\u00fablicos, Mariano Bra\u00f1as; el Subsecretario, Eliseo Almada; el Secretario de Producci\u00f3n, Industria y Comercio, Ariel \u00c1lvarez y personal del Corral\u00f3n Municipal.<\/p>\n\n\n\n<figure class=\"wp-block-image size-large\"><img decoding=\"async\" width=\"1024\" height=\"576\" data-attachment-id=\"126204\" data-permalink=\"https:\/\/eldiariodesanpedro.com.ar\/sitio\/presentacion-de-equipamiento-para-infraestructura-municipal\/imagen-de-whatsapp-2024-02-20-a-las-16-16-28_b549301e\/\" data-orig-file=\"https:\/\/eldiariodesanpedro.com.ar\/sitio\/wp-content\/uploads\/2024\/02\/Imagen-de-WhatsApp-2024-02-20-a-las-16.16.28_b549301e.jpg\" data-orig-size=\"1120,630\" data-comments-opened=\"0\" data-image-meta=\"{&quot;aperture&quot;:&quot;0&quot;,&quot;credit&quot;:&quot;&quot;,&quot;camera&quot;:&quot;&quot;,&quot;caption&quot;:&quot;&quot;,&quot;created_timestamp&quot;:&quot;0&quot;,&quot;copyright&quot;:&quot;&quot;,&quot;focal_length&quot;:&quot;0&quot;,&quot;iso&quot;:&quot;0&quot;,&quot;shutter_speed&quot;:&quot;0&quot;,&quot;title&quot;:&quot;&quot;,&quot;orientation&quot;:&quot;0&quot;}\" data-image-title=\"Imagen de WhatsApp 2024-02-20 a las 16.16.28_b549301e\" data-image-description=\"\" data-image-caption=\"\" data-large-file=\"https:\/\/eldiariodesanpedro.com.ar\/sitio\/wp-content\/uploads\/2024\/02\/Imagen-de-WhatsApp-2024-02-20-a-las-16.16.28_b549301e-1024x576.jpg\" data-src=\"https:\/\/eldiariodesanpedro.com.ar\/sitio\/wp-content\/uploads\/2024\/02\/Imagen-de-WhatsApp-2024-02-20-a-las-16.16.28_b549301e-1024x576.jpg\" alt=\"\" class=\"wp-image-126204 lazyload\" data-srcset=\"https:\/\/eldiariodesanpedro.com.ar\/sitio\/wp-content\/uploads\/2024\/02\/Imagen-de-WhatsApp-2024-02-20-a-las-16.16.28_b549301e-1024x576.jpg 1024w, https:\/\/eldiariodesanpedro.com.ar\/sitio\/wp-content\/uploads\/2024\/02\/Imagen-de-WhatsApp-2024-02-20-a-las-16.16.28_b549301e-300x169.jpg 300w, https:\/\/eldiariodesanpedro.com.ar\/sitio\/wp-content\/uploads\/2024\/02\/Imagen-de-WhatsApp-2024-02-20-a-las-16.16.28_b549301e-768x432.jpg 768w, https:\/\/eldiariodesanpedro.com.ar\/sitio\/wp-content\/uploads\/2024\/02\/Imagen-de-WhatsApp-2024-02-20-a-las-16.16.28_b549301e.jpg 1120w\" data-sizes=\"(max-width: 1024px) 100vw, 1024px\" src=\"data:image\/svg+xml;base64,PHN2ZyB3aWR0aD0iMSIgaGVpZ2h0PSIxIiB4bWxucz0iaHR0cDovL3d3dy53My5vcmcvMjAwMC9zdmciPjwvc3ZnPg==\" style=\"--smush-placeholder-width: 1024px; --smush-placeholder-aspect-ratio: 1024\/576;\" \/><\/figure>\n\n\n\n<figure class=\"wp-block-image size-large\"><img decoding=\"async\" width=\"1024\" height=\"576\" data-attachment-id=\"126203\" data-permalink=\"https:\/\/eldiariodesanpedro.com.ar\/sitio\/presentacion-de-equipamiento-para-infraestructura-municipal\/imagen-de-whatsapp-2024-02-20-a-las-16-16-27_d57d3a1f\/\" data-orig-file=\"https:\/\/eldiariodesanpedro.com.ar\/sitio\/wp-content\/uploads\/2024\/02\/Imagen-de-WhatsApp-2024-02-20-a-las-16.16.27_d57d3a1f.jpg\" data-orig-size=\"1120,630\" data-comments-opened=\"0\" data-image-meta=\"{&quot;aperture&quot;:&quot;0&quot;,&quot;credit&quot;:&quot;&quot;,&quot;camera&quot;:&quot;&quot;,&quot;caption&quot;:&quot;&quot;,&quot;created_timestamp&quot;:&quot;0&quot;,&quot;copyright&quot;:&quot;&quot;,&quot;focal_length&quot;:&quot;0&quot;,&quot;iso&quot;:&quot;0&quot;,&quot;shutter_speed&quot;:&quot;0&quot;,&quot;title&quot;:&quot;&quot;,&quot;orientation&quot;:&quot;0&quot;}\" data-image-title=\"Imagen de WhatsApp 2024-02-20 a las 16.16.27_d57d3a1f\" data-image-description=\"\" data-image-caption=\"\" data-large-file=\"https:\/\/eldiariodesanpedro.com.ar\/sitio\/wp-content\/uploads\/2024\/02\/Imagen-de-WhatsApp-2024-02-20-a-las-16.16.27_d57d3a1f-1024x576.jpg\" data-src=\"https:\/\/eldiariodesanpedro.com.ar\/sitio\/wp-content\/uploads\/2024\/02\/Imagen-de-WhatsApp-2024-02-20-a-las-16.16.27_d57d3a1f-1024x576.jpg\" alt=\"\" class=\"wp-image-126203 lazyload\" data-srcset=\"https:\/\/eldiariodesanpedro.com.ar\/sitio\/wp-content\/uploads\/2024\/02\/Imagen-de-WhatsApp-2024-02-20-a-las-16.16.27_d57d3a1f-1024x576.jpg 1024w, https:\/\/eldiariodesanpedro.com.ar\/sitio\/wp-content\/uploads\/2024\/02\/Imagen-de-WhatsApp-2024-02-20-a-las-16.16.27_d57d3a1f-300x169.jpg 300w, https:\/\/eldiariodesanpedro.com.ar\/sitio\/wp-content\/uploads\/2024\/02\/Imagen-de-WhatsApp-2024-02-20-a-las-16.16.27_d57d3a1f-768x432.jpg 768w, https:\/\/eldiariodesanpedro.com.ar\/sitio\/wp-content\/uploads\/2024\/02\/Imagen-de-WhatsApp-2024-02-20-a-las-16.16.27_d57d3a1f.jpg 1120w\" data-sizes=\"(max-width: 1024px) 100vw, 1024px\" src=\"data:image\/svg+xml;base64,PHN2ZyB3aWR0aD0iMSIgaGVpZ2h0PSIxIiB4bWxucz0iaHR0cDovL3d3dy53My5vcmcvMjAwMC9zdmciPjwvc3ZnPg==\" style=\"--smush-placeholder-width: 1024px; --smush-placeholder-aspect-ratio: 1024\/576;\" \/><\/figure>\n","protected":false},"excerpt":{"rendered":"<p>Este martes, en el Corral\u00f3n Municipal, el Intendente Cecilio Salazar encabez\u00f3 la presentaci\u00f3n de nuevo equipamiento destinado a la Secretar\u00eda de Obras y Servicios P\u00fablicos. El equipamiento presentado incluye una pala cargadora y un carret\u00f3n, adquiridos a trav\u00e9s del Plan de Mejora de los Caminos Rurales impulsado por el Ministerio de Desarrollo Agrario de la [&hellip;]<\/p>\n","protected":false},"author":4,"featured_media":126206,"comment_status":"closed","ping_status":"closed","sticky":false,"template":"","format":"standard","meta":{"om_disable_all_campaigns":false,"_jetpack_memberships_contains_paid_content":false,"footnotes":""},"categories":[50,101,2],"tags":[4742],"class_list":["post-126202","post","type-post","status-publish","format-standard","has-post-thumbnail","hentry","category-destacadas","category-interes-general-locales","category-locales","tag-presentacion-de-equipamiento-para-infraestructura-municipal"],"aioseo_notices":[],"gutentor_comment":0,"jetpack_featured_media_url":"https:\/\/eldiariodesanpedro.com.ar\/sitio\/wp-content\/uploads\/2024\/02\/Imagen-de-WhatsApp-2024-02-20-a-las-16.16.30_6a41de05.jpg","jetpack_shortlink":"https:\/\/wp.me\/p6RhLt-wPw","jetpack_sharing_enabled":true,"_links":{"self":[{"href":"https:\/\/eldiariodesanpedro.com.ar\/sitio\/wp-json\/wp\/v2\/posts\/126202","targetHints":{"allow":["GET"]}}],"collection":[{"href":"https:\/\/eldiariodesanpedro.com.ar\/sitio\/wp-json\/wp\/v2\/posts"}],"about":[{"href":"https:\/\/eldiariodesanpedro.com.ar\/sitio\/wp-json\/wp\/v2\/types\/post"}],"author":[{"embeddable":true,"href":"https:\/\/eldiariodesanpedro.com.ar\/sitio\/wp-json\/wp\/v2\/users\/4"}],"replies":[{"embeddable":true,"href":"https:\/\/eldiariodesanpedro.com.ar\/sitio\/wp-json\/wp\/v2\/comments?post=126202"}],"version-history":[{"count":2,"href":"https:\/\/eldiariodesanpedro.com.ar\/sitio\/wp-json\/wp\/v2\/posts\/126202\/revisions"}],"predecessor-version":[{"id":126208,"href":"https:\/\/eldiariodesanpedro.com.ar\/sitio\/wp-json\/wp\/v2\/posts\/126202\/revisions\/126208"}],"wp:featuredmedia":[{"embeddable":true,"href":"https:\/\/eldiariodesanpedro.com.ar\/sitio\/wp-json\/wp\/v2\/media\/126206"}],"wp:attachment":[{"href":"https:\/\/eldiariodesanpedro.com.ar\/sitio\/wp-json\/wp\/v2\/media?parent=126202"}],"wp:term":[{"taxonomy":"category","embeddable":true,"href":"https:\/\/eldiariodesanpedro.com.ar\/sitio\/wp-json\/wp\/v2\/categories?post=126202"},{"taxonomy":"post_tag","embeddable":true,"href":"https:\/\/eldiariodesanpedro.com.ar\/sitio\/wp-json\/wp\/v2\/tags?post=126202"}],"curies":[{"name":"wp","href":"https:\/\/api.w.org\/{rel}","templated":true}]}}